{"id":4393,"date":"2021-09-27T13:29:00","date_gmt":"2021-09-27T13:29:00","guid":{"rendered":"http:\/\/kikienvadrouille.com\/?p=4393"},"modified":"2021-09-24T17:34:13","modified_gmt":"2021-09-24T17:34:13","slug":"le-bilan-etre-mapuche-aujourdhui","status":"publish","type":"post","link":"https:\/\/kikienvadrouille.com\/?p=4393","title":{"rendered":"Le bilan &#8211; Etre mapuche aujourd&rsquo;hui"},"content":{"rendered":"\t\t<div data-elementor-type=\"wp-post\" data-elementor-id=\"4393\" class=\"elementor elementor-4393\">\n\t\t\t\t\t\t<section class=\"elementor-section elementor-top-section elementor-element elementor-element-b133a1c elementor-section-boxed elementor-section-height-default elementor-section-height-default\" data-id=\"b133a1c\" data-element_type=\"section\" data-e-type=\"section\">\n\t\t\t\t\t\t<div class=\"elementor-container elementor-column-gap-default\">\n\t\t\t\t\t<div class=\"elementor-column elementor-col-100 elementor-top-column elementor-element elementor-element-afa7283\" data-id=\"afa7283\" data-element_type=\"column\" data-e-type=\"column\">\n\t\t\t<div class=\"elementor-widget-wrap elementor-element-populated\">\n\t\t\t\t\t\t<div class=\"elementor-element elementor-element-5440eb65 elementor-widget elementor-widget-text-editor\" data-id=\"5440eb65\" data-element_type=\"widget\" data-e-type=\"widget\" data-widget_type=\"text-editor.default\">\n\t\t\t\t<div class=\"elementor-widget-container\">\n\t\t\t\t\t\t\t\t\t<span class=\"span-reading-time rt-reading-time\"><span class=\"rt-label rt-prefix\">Temps de lecture :<\/span> <span class=\"rt-time\"> 5<\/span> <span class=\"rt-label rt-postfix\">minutes<\/span><\/span><p>\u00a0<\/p>\t\t\t\t\t\t\t\t<\/div>\n\t\t\t\t<\/div>\n\t\t\t\t\t<\/div>\n\t\t<\/div>\n\t\t\t\t\t<\/div>\n\t\t<\/section>\n\t\t\t\t<section class=\"elementor-section elementor-top-section elementor-element elementor-element-7db01cb0 elementor-section-boxed elementor-section-height-default elementor-section-height-default\" data-id=\"7db01cb0\" data-element_type=\"section\" data-e-type=\"section\">\n\t\t\t\t\t\t<div class=\"elementor-container elementor-column-gap-default\">\n\t\t\t\t\t<div class=\"elementor-column elementor-col-100 elementor-top-column elementor-element elementor-element-87db06f\" data-id=\"87db06f\" data-element_type=\"column\" data-e-type=\"column\">\n\t\t\t<div class=\"elementor-widget-wrap elementor-element-populated\">\n\t\t\t\t\t\t<div class=\"elementor-element elementor-element-657e584c elementor-widget elementor-widget-text-editor\" data-id=\"657e584c\" data-element_type=\"widget\" data-e-type=\"widget\" data-widget_type=\"text-editor.default\">\n\t\t\t\t<div class=\"elementor-widget-container\">\n\t\t\t\t\t\t\t\t\t<p>\u00a0 \u00a0 \u00a0 \u00a0Tout au long de mon s\u00e9jour sur le domaine familial de Benita et Alejandro, je n\u2019ai cess\u00e9 de modifier mon regard et mes \u00ab croyances \u00bb vis-\u00e0-vis de cette culture autochtone.<\/p><p>\u00a0 \u00a0 Si, \u00e0 l\u2019origine, j\u2019\u00e9tais venue \u00e0 Currarehue dans l\u2019intention, notamment, d\u2019identifier et de comprendre les r\u00e9surgences des traditions ancestrales mapuche, ce que j\u2019y ai trouv\u00e9 fut en r\u00e9alit\u00e9 beaucoup plus pertinent.<\/p><p>\u00a0<\/p><p>\u00a0 \u00a0 \u00a0 Partager un bout de leur vie, c\u2019est faire sauter un ensemble de st\u00e9r\u00e9otypes, parfois m\u00eame inconscients, que nous construisons &#8211; nous \u00ab occidentaux \u00bb &#8211; sur les peuples natifs actuels. \u00a0<\/p><p>\u00a0<\/p><p>\u00a0 \u00a0 \u00a0 Durant mon immersion, j\u2019ai plus appris sur leur adaptation \u00e0 la soci\u00e9t\u00e9 actuelle et sur leur r\u00e9sistance face aux menaces socio-culturelles-\u00e9conomiques et \u00e9cologiques, que sur leurs traditions. Ce qui aurait \u00e9t\u00e9 totalement diff\u00e9rent si j\u2019avais \u00e9t\u00e9 une simple touriste de passage.<\/p><p>\u00a0<\/p><p>\u00a0 \u00a0 \u00a0Bref, qu\u2019est-ce que j\u2019ai retenu de mon exp\u00e9rience aupr\u00e8s de cette famille ?<\/p><p>\u00a0<\/p><p>\u00a0 \u00a0 \u00a0Les communaut\u00e9s mapuche ne sont pas des communaut\u00e9s \u00ab\u00a0traditionnelles\u00a0\u00bb, \u00ab\u00a0ancestrales\u00a0\u00bb comme nous avons l&rsquo;habitude de nommer ces soci\u00e9t\u00e9s en Occident. Ce sont des communaut\u00e9s aussi modernes que les n\u00f4tres, \u00e0 la diff\u00e9rence pr\u00e8s que les caract\u00e9ristiques de leur culturelle divergent de celles de nos soci\u00e9t\u00e9s \u00ab\u00a0dominantes\u00a0\u00bb et homog\u00e9n\u00e9isantes. Tout est histoire de perception, d&rsquo;orientation du regard.<\/p><p>\u00a0 \u00a0 \u00a0Aussi, leur mode de vie, leur Histoire, ne sont pas fig\u00e9s : leur mani\u00e8re d&rsquo;\u00eatre au Monde est perm\u00e9able \u00e0 la soci\u00e9t\u00e9 contemporaine. Comme me le t\u00e9moignait Benita, \u00ab\u00a0<em>nous n&rsquo;avons pas le choix, nous nous devons de vivre dans la modernit\u00e9<\/em>\u00ab\u00a0.<\/p><p>\u00a0<\/p><p>Est-ce mauvais en soi ?<\/p><p>\u00a0<\/p><p>\u00a0 \u00a0 \u00a0Si nous, \u00ab Occidentaux \u00bb, avons une certaine tendance \u00e0 la nostalgie pour les traditions d&rsquo;Antan (que l&rsquo;on aime \u00e0 se rem\u00e9morer dans les mus\u00e9es), nous aurions tort de vouloir figer la culture des Autres dans un pass\u00e9 r\u00e9volu, dans une disparition de leur culture dite \u00ab\u00a0ancestrale\u00a0\u00bb.<\/p><p>\u00a0 \u00a0 \u00a0Les Mapuche ne rompent pas avec leur pass\u00e9, il l&rsquo;adapte juste au pr\u00e9sent.<br \/>Cette perm\u00e9abilit\u00e9 constante \u00e0 la soci\u00e9t\u00e9 contemporaine est bien leur arme de r\u00e9sistance culturelle.<\/p><p>\u00a0 \u00a0 \u00a0La double \u00e9ducation re\u00e7ue aujourd&rsquo;hui par leurs enfants &#8211; occidentale via l&rsquo;\u00e9cole, Mapuche via la famille &#8211; pourrait en \u00eatre une illustration. En s&rsquo;appropriant les outils \u00ab\u00a0des blancs\u00a0\u00bb (des \u00ab\u00a0<em>Winkas<\/em>\u00a0\u00bb comme ils nous nomment) tels que les m\u00e9dias de communication, le droit, la politique, ou encore les nouvelles formes d&rsquo;expression artistique telles que le rap et le graffiti, les g\u00e9n\u00e9rations actuelles et futures sont aujourd&rsquo;hui mieux arm\u00e9es pour d\u00e9fendre et sensibiliser au respect de leur culture autochtone.<\/p><p>\u00a0<\/p><p>\u00a0 \u00a0 \u00a0Finalement, au lieu de se focaliser sur l&rsquo;impr\u00e9gnation des cultures natives au monde occidental dans une qu\u00eate erron\u00e9e \u00ab\u00a0d&rsquo;authenticit\u00e9\u00a0\u00bb, il serait s\u00fbrement plus crucial d&rsquo;\u00e9lever nos voix pour soutenir ces peuples dans leur droit \u00e0 s&rsquo;autod\u00e9terminer politiquement, socialement, \u00e9conomiquement et territorialement, tout comme nous l\u2019avons fait pour notre propre pays.<\/p><p>\u00a0<\/p><p>\u00a0 \u00a0 \u00a0C&rsquo;est le message que Benita, son mari et ses enfants m&rsquo;ont laiss\u00e9&#8230;<br \/>J\u2019esp\u00e8re pouvoir le diffuser \u00e0 mon petit niveau et, par l\u00e0-m\u00eame, arriver \u00e0 leur apporter autant qu&rsquo;ils m&rsquo;auront enrichi humainement et sur l&rsquo;ouverture \u00e0 d&rsquo;autres conceptions \u00ab\u00a0d&rsquo;\u00catre au Monde\u00a0\u00bb.<\/p><p>\u00a0<\/p><p>\u00a0 \u00a0 \u00a0Je remercie encore ma famille d&rsquo;accueil pour sa bienveillance, sa gentillesse et toute la confiance qu&rsquo;elle m&rsquo;a accord\u00e9 durant mon s\u00e9jour dans son foyer au c\u0153ur de la Cordill\u00e8res des Andes, il y a d\u00e9j\u00e0 de \u00e7a 3 ans.<\/p><p>\u00a0<\/p><p>KA PEUKALLAL*<\/p><p>\u00a0<\/p><p><em>*\u00e0 bient\u00f4t en mapudungun<\/em><\/p><p><em>\u00a0<\/em><\/p>\t\t\t\t\t\t\t\t<\/div>\n\t\t\t\t<\/div>\n\t\t\t\t\t<\/div>\n\t\t<\/div>\n\t\t\t\t\t<\/div>\n\t\t<\/section>\n\t\t\t\t<section class=\"elementor-section elementor-top-section elementor-element elementor-element-58e585e elementor-section-boxed elementor-section-height-default elementor-section-height-default\" data-id=\"58e585e\" data-element_type=\"section\" data-e-type=\"section\">\n\t\t\t\t\t\t<div class=\"elementor-container elementor-column-gap-default\">\n\t\t\t\t\t<div class=\"elementor-column elementor-col-100 elementor-top-column elementor-element elementor-element-f19c281\" data-id=\"f19c281\" data-element_type=\"column\" data-e-type=\"column\">\n\t\t\t<div class=\"elementor-widget-wrap elementor-element-populated\">\n\t\t\t\t\t\t<div class=\"elementor-element elementor-element-264f391 elementor-widget elementor-widget-image\" data-id=\"264f391\" data-element_type=\"widget\" data-e-type=\"widget\" data-widget_type=\"image.default\">\n\t\t\t\t<div class=\"elementor-widget-container\">\n\t\t\t\t\t\t\t\t\t\t\t\t\t\t\t<img fetchpriority=\"high\" decoding=\"async\" width=\"640\" height=\"853\" src=\"https:\/\/kikienvadrouille.com\/wp-content\/uploads\/2021\/09\/P5012496-768x1024.jpg\" class=\"attachment-large size-large wp-image-4517\" alt=\"\" srcset=\"https:\/\/kikienvadrouille.com\/wp-content\/uploads\/2021\/09\/P5012496-768x1024.jpg 768w, https:\/\/kikienvadrouille.com\/wp-content\/uploads\/2021\/09\/P5012496-225x300.jpg 225w, https:\/\/kikienvadrouille.com\/wp-content\/uploads\/2021\/09\/P5012496-1152x1536.jpg 1152w, https:\/\/kikienvadrouille.com\/wp-content\/uploads\/2021\/09\/P5012496-1536x2048.jpg 1536w, https:\/\/kikienvadrouille.com\/wp-content\/uploads\/2021\/09\/P5012496-203x270.jpg 203w, https:\/\/kikienvadrouille.com\/wp-content\/uploads\/2021\/09\/P5012496-scaled.jpg 1920w\" sizes=\"(max-width: 640px) 100vw, 640px\" \/>\t\t\t\t\t\t\t\t\t\t\t\t\t\t\t<\/div>\n\t\t\t\t<\/div>\n\t\t\t\t\t<\/div>\n\t\t<\/div>\n\t\t\t\t\t<\/div>\n\t\t<\/section>\n\t\t\t\t<section class=\"elementor-section elementor-top-section elementor-element elementor-element-87917ca elementor-section-boxed elementor-section-height-default elementor-section-height-default\" data-id=\"87917ca\" data-element_type=\"section\" data-e-type=\"section\">\n\t\t\t\t\t\t<div class=\"elementor-container elementor-column-gap-default\">\n\t\t\t\t\t<div class=\"elementor-column elementor-col-100 elementor-top-column elementor-element elementor-element-24bdfae\" data-id=\"24bdfae\" data-element_type=\"column\" data-e-type=\"column\">\n\t\t\t<div class=\"elementor-widget-wrap elementor-element-populated\">\n\t\t\t\t\t\t<div class=\"elementor-element elementor-element-c240faa elementor-widget elementor-widget-spacer\" data-id=\"c240faa\" data-element_type=\"widget\" data-e-type=\"widget\" data-widget_type=\"spacer.default\">\n\t\t\t\t<div class=\"elementor-widget-container\">\n\t\t\t\t\t\t\t<div class=\"elementor-spacer\">\n\t\t\t<div class=\"elementor-spacer-inner\"><\/div>\n\t\t<\/div>\n\t\t\t\t\t\t<\/div>\n\t\t\t\t<\/div>\n\t\t\t\t<div class=\"elementor-element elementor-element-4e8c819 elementor-view-default elementor-widget elementor-widget-icon\" data-id=\"4e8c819\" data-element_type=\"widget\" data-e-type=\"widget\" data-widget_type=\"icon.default\">\n\t\t\t\t<div class=\"elementor-widget-container\">\n\t\t\t\t\t\t\t<div class=\"elementor-icon-wrapper\">\n\t\t\t<div class=\"elementor-icon\">\n\t\t\t<i aria-hidden=\"true\" class=\"fas fa-seedling\"><\/i>\t\t\t<\/div>\n\t\t<\/div>\n\t\t\t\t\t\t<\/div>\n\t\t\t\t<\/div>\n\t\t\t\t\t<\/div>\n\t\t<\/div>\n\t\t\t\t\t<\/div>\n\t\t<\/section>\n\t\t\t\t<section class=\"elementor-section elementor-top-section elementor-element elementor-element-ac20526 elementor-section-boxed elementor-section-height-default elementor-section-height-default\" data-id=\"ac20526\" data-element_type=\"section\" data-e-type=\"section\">\n\t\t\t\t\t\t<div class=\"elementor-container elementor-column-gap-default\">\n\t\t\t\t\t<div class=\"elementor-column elementor-col-100 elementor-top-column elementor-element elementor-element-51b58cd\" data-id=\"51b58cd\" data-element_type=\"column\" data-e-type=\"column\">\n\t\t\t<div class=\"elementor-widget-wrap elementor-element-populated\">\n\t\t\t\t\t\t<div class=\"elementor-element elementor-element-07e7678 elementor-widget elementor-widget-text-editor\" data-id=\"07e7678\" data-element_type=\"widget\" data-e-type=\"widget\" data-settings=\"{&quot;_animation&quot;:&quot;none&quot;}\" data-widget_type=\"text-editor.default\">\n\t\t\t\t<div class=\"elementor-widget-container\">\n\t\t\t\t\t\t\t\t\t<h3 style=\"text-align: center;\"><span style=\"color: #000000;\"><strong>Sources utilis\u00e9es pour ce reportage :<\/strong><\/span><\/h3><p>\u00a0<\/p><p><em><span style=\"color: #000080;\"><strong>Ce reportage en plusieurs \u00e9pisodes a \u00e9t\u00e9 \u00e9labor\u00e9 sur la base des t\u00e9moignages recueillis aupr\u00e8s de la famille de Benita Panguilef et Alejandro Co\u00f1oequir, et sur la base des sources compl\u00e9mentaires suivantes :<\/strong><\/span><\/em><\/p><p><span style=\"color: #000080;\"><strong>\u00a0<\/strong><\/span><\/p><ul><li>Rapport d\u2019Hernando Silva Neriz (dir.), Marcela Castro Garrido et al, 2016. \u201cLos Impactos en derechos humanos de los proyectos de inversi\u00f3n hidroel\u00e9ctrica en el territorio Mapuche de la regi\u00f3n de La Araucan\u00eda\u201d. Observatorio de Derechos de Los Pueblos Ind\u00edgenas, grupo de trabajo por los derechos colectivos. Temuco.<\/li><li>Lettre d\u2019Alejandro Co\u00f1oequir au Service d\u2019\u00e9valuation environnementale de la Direction r\u00e9gionale de La Araucania, 08\/01\/2013, Lof Trankura : <a href=\"http:\/\/seia.sea.gob.cl\/archivos\/Carta_Longko_Camilo_Conoiquir_EIA_Anihuerraqui.pdf\">http:\/\/seia.sea.gob.cl\/archivos\/Carta_Longko_Camilo_Conoiquir_EIA_Anihuerraqui.pdf<\/a><\/li><li>Article de Mapuexpress, \u201cComunidad de Curarrehue interpone recurso contra empresa hidroel\u00e9ctrica proyecto central A\u00f1ihuerraqui\u201d : <a href=\"http:\/\/www.mapuexpress.org\/?p=24052\">http:\/\/www.mapuexpress.org\/?p=24052<\/a><\/li><li>Articles de Mapuexpress en rapport avec le cas \u00ab A\u00f1ihuerraqui \u00bb : <a href=\"http:\/\/www.mapuexpress.org\/?tag=anihuerraqui\">http:\/\/www.mapuexpress.org\/?tag=anihuerraqui<\/a><\/li><li>Article d\u2019El Ciudadano, Opazo, mis en ligne le 31\/03\/2018. \u201cComunidad de Curarrehue presenta recurso judicial contra empresa hidroel\u00e9ctrica por proyecto \u201cA\u00f1ihuerraqui\u201d: <a href=\"https:\/\/www.elciudadano.com\/chile\/comunidad-de-curarrehue-interpone-recurso-contra-empresa-hidroelectrica-por-proyecto-anihuerraqui\/03\/31\/#ixzz5et4aCEqw\">https:\/\/www.elciudadano.com\/chile\/comunidad-de-curarrehue-interpone-recurso-contra-empresa-hidroelectrica-por-proyecto-anihuerraqui\/03\/31\/#ixzz5et4aCEqw<\/a><\/li><li>Article d\u2019El Ciudadano, Daniel Labbe, mis en ligne le 23\/02\/2016. \u201cLa lucha contra la central hidroel\u00e9ctrica en el r\u00edo Trankura\u201d : <a href=\"https:\/\/www.elciudadano.com\/pueblos\/la-lucha-contra-la-central-hidroelectrica-en-el-rio-trankura\/02\/23\/\">https:\/\/www.elciudadano.com\/pueblos\/la-lucha-contra-la-central-hidroelectrica-en-el-rio-trankura\/02\/23\/<\/a><\/li><li>Article de Punto Final, Felipe Montalva, 23\/10\/ 2015. \u201cCultura mapuche se enfrenta a hidroel\u00e9ctrica &#8211; La batalla es en Curarrehue, n\u00b0 839 : <a href=\"https:\/\/www.rebelion.org\/noticias\/2015\/10\/204866.pdf\">https:\/\/www.rebelion.org\/noticias\/2015\/10\/204866.pdf<\/a><\/li><li>Articles de Wikip\u00e9dia (informations v\u00e9rifi\u00e9es et crois\u00e9es): <a href=\"https:\/\/fr.wikipedia.org\/wiki\/Araucaria_du_Chili\">https:\/\/fr.wikipedia.org\/wiki\/Araucaria_du_Chili<\/a>; <a href=\"https:\/\/fr.m.wikipedia.org\/wiki\/Mapuches\">https:\/\/fr.m.wikipedia.org\/wiki\/Mapuches<\/a>; <a href=\"https:\/\/fr.m.wikipedia.org\/wiki\/Mapudungun\">https:\/\/fr.m.wikipedia.org\/wiki\/Mapudungun<\/a>; <a href=\"https:\/\/fr.m.wikipedia.org\/wiki\/Curarrehue\">https:\/\/fr.m.wikipedia.org\/wiki\/Curarrehue<\/a><\/li><li>Article du magazine Alterlatine, Th\u00e9o Saffroy, mis en ligne le 16 f\u00e9vrier 2017 :\u00a0 https:\/\/alterlatine.com\/2017\/02\/16\/les-mapuches-peuple-de-la-terre-et-du-combat\/#<\/li><li>Article du FIDH, mis en ligne le 19\/11\/2018. \u00ab La FIDH et l\u2019Observatorio Ciudadano d\u00e9noncent l\u2019assassinat de Camilo Catrillanca et demandent le d\u00e9mant\u00e8lement imm\u00e9diat du Comando Jungla \u00bb : <a href=\"https:\/\/www.fidh.org\/fr\/regions\/ameriques\/chili\/la-fidh-et-l-observatorio-ciudadano-denoncent-l-assassinat-de-camilo\">https:\/\/www.fidh.org\/fr\/regions\/ameriques\/chili\/la-fidh-et-l-observatorio-ciudadano-denoncent-l-assassinat-de-camilo<\/a><\/li><li>Article de l\u2019Observatoire Pharos, mis en ligne le 27\/11\/2018.\u00a0 \u00ab Regain de tension en Araucanie apr\u00e8s la mort d\u2019un jeune mapuche \u00bb, tir\u00e9 de l\u2019article de Justine Fontaine, RFI, du 20\/11\/2018: <a href=\"https:\/\/www.observatoirepharos.com\/pays\/chili\/regain-de-tension-en-araucanie-apres-la-mort-dun-jeune-mapuche-fr\/\">https:\/\/www.observatoirepharos.com\/pays\/chili\/regain-de-tension-en-araucanie-apres-la-mort-dun-jeune-mapuche-fr\/<\/a><\/li><li>Brochure de Natalia Urzua et Julien Terri\u00e9, \u00ab Mujeres Mapuche Autoconvocadas, Entretien avec Silda et Magdalena \u00bb, janvier 2019. Edit\u00e9e par le Comit\u00e9 France Am\u00e9rique Latine Toulouse.<\/li><li>Notes prises durant la conf\u00e9rence-d\u00e9bat sur la culture des Mapuches, 10\/11\/2018. Paris. En pr\u00e9sence de <strong>Claudia Alejandra Co\u00f1oequir Panguilef, Isabel del Transito Currivil Nahuel, Hector Kurikeo Melivilu, Camilo Enrique Mariano Cayupil. <\/strong><strong>Conf\u00e9rence o<\/strong><strong>rganis\u00e9e par l\u2019association\u00a0\u00ab\u00a0<\/strong><strong>D\u00e9parts, voyages solidaires\u00a0\u00bb, entre novembre et d\u00e9cembre 2018, <\/strong>dans le contexte de la <strong>tourn\u00e9e fran\u00e7aise de cette d\u00e9l\u00e9gation de Mapuches<\/strong>.<\/li><li>Convention (n\u00b0 169) relative aux peuples indig\u00e8nes et tribaux, 1989<\/li><li>D\u00e9claration des Nations Unies sur les droits des peuples autochtones, R\u00e9solution adopt\u00e9e par l\u2019Assembl\u00e9e g\u00e9n\u00e9rale le 13 septembre 2007, (A \/ RES \/ 61\/295)<\/li><li>Site internet \u00ab Les routes ancestrales d\u2019Araucarias \u00bb : <a href=\"https:\/\/raaraucarias.com\/fr\/qui-sommes-nous\/\">https:\/\/raaraucarias.com\/fr\/qui-sommes-nous\/<\/a><\/li><li>Article de Voyage au Chili. \u00ab Mapuches, Hommes de la terre \u00bb : <a href=\"http:\/\/www.voyage-au-chili.com\/chili_mapuches.php\">http:\/\/www.voyage-au-chili.com\/chili_mapuches.php<\/a><\/li><li>Rapport \u00ab Energie 2050, Politique \u00e9nerg\u00e9tique du Chili \u00bb : <a href=\"http:\/\/www.energia.gob.cl\/sites\/default\/files\/energia_2050_-_politica_energetica_de_chile.pdf\">http:\/\/www.energia.gob.cl\/sites\/default\/files\/energia_2050_-_politica_energetica_de_chile.pdf<\/a><\/li><li>Article du CDHAL, mis en ligne le 10\/02\/2016. \u00ab Freinons l\u2019invasion hydro\u00e9lectrique de l\u2019Araucanie! \u00bb : <a href=\"https:\/\/www.cdhal.org\/freinons-linvasion-hydroelectrique-de-laraucanie\/\">https:\/\/www.cdhal.org\/freinons-linvasion-hydroelectrique-de-laraucanie\/<\/a><\/li><li>Vid\u00e9o \u201cRios Sagrados\u201d, r\u00e9alisation et co-production de Javier Henr\u00edquez et Chico Gonz\u00e1lez: <a href=\"https:\/\/www.youtube.com\/watch?v=SU2uGRDWBVs\">https:\/\/www.youtube.com\/watch?v=SU2uGRDWBVs<\/a><\/li><li>Article de la revue Nature et Progr\u00e8s, Fr\u00e9d\u00e9rique Basset, septembre-octobre 2017. \u00ab Chili : Mapuche, le r\u00e9veil du peuple de la terre \u00bb, n\u00b0114 : <a href=\"https:\/\/www.departs-voyages-solidaires.com\/ressources\/les-mapuches-par-frederique-basset-FR-115.pdf?1540817002\">https:\/\/www.departs-voyages-solidaires.com\/ressources\/les-mapuches-par-frederique-basset-FR-115.pdf?1540817002<\/a><\/li><li>Rapport de GITPA, \u00ab Observatorio Ciudadano de Chile \u00bb, traduit de \u00ab IWGIA El Mundo Indigena 2020 \u00bb par Leslie Cloud, membre du r\u00e9seau des experts du GITPA pour l\u2019Am\u00e9rique latine : <a href=\"https:\/\/gitpa.org\/web\/CHILI%20en%202019.pdf\">https:\/\/gitpa.org\/web\/CHILI%20en%202019.pdf<\/a><\/li><li>Article de Huffingtonpost.fr, mis en ligne le 05\/07\/2021. \u00ab Au Chili, l&rsquo;\u00e9lection historique d&rsquo;une femme indig\u00e8ne \u00e0 la t\u00eate de l&rsquo;Assembl\u00e9e constituante \u00bb : <a href=\"https:\/\/www.huffingtonpost.fr\/entry\/chili-constitution-assemblee-constituante-elisa-loncon-mapuche_fr_60e2eba3e4b0e01b6b209241?ncid=other_facebook_eucluwzme5k&amp;utm_campaign=share_facebook&amp;fbclid=IwAR1hgGagTjvI19BwLIY4Mv6HEElfva6HS_auptyPrKzvzHFX21CIXz9AXBQ\">https:\/\/www.huffingtonpost.fr\/entry\/chili-constitution-assemblee-constituante-elisa-loncon-mapuche_fr_60e2eba3e4b0e01b6b209241?ncid=other_facebook_eucluwzme5k&amp;utm_campaign=share_facebook&amp;fbclid=IwAR1hgGagTjvI19BwLIY4Mv6HEElfva6HS_auptyPrKzvzHFX21CIXz9AXBQ<\/a><\/li><li>Article de Cocomagnanville traduit d\u2019un article paru sur Servindi.org le 22\/10\/2020, mis en ligne le 23\/10\/2020. \u00ab Chili : R\u00e9bellion au r\u00e9gime politique : processus de transformation et droits de l&rsquo;homme \u00bb : <a href=\"http:\/\/cocomagnanville.over-blog.com\/2020\/10\/chili-rebellion-au-regime-politique-processus-de-transformation-et-droits-de-l-homme.html\">http:\/\/cocomagnanville.over-blog.com\/2020\/10\/chili-rebellion-au-regime-politique-processus-de-transformation-et-droits-de-l-homme.html<\/a><\/li><li>Article de Cocomagnanville traduit d\u2019un article paru sur Mapuexpress le 27\/12\/2020, mis en ligne le 6 Janvier 2021. \u00ab Chili : Jugement historique. La Cour reconna\u00eet le peuple mapuche comme une nation \u00bb : <a href=\"http:\/\/cocomagnanville.over-blog.com\/2021\/01\/chili-jugement-historique.la-cour-reconnait-le-peuple-mapuche-comme-une-nation.html\">http:\/\/cocomagnanville.over-blog.com\/2021\/01\/chili-jugement-historique.la-cour-reconnait-le-peuple-mapuche-comme-une-nation.html<\/a><\/li><li>Article de Cocomagnanville traduit d\u2019un article paru sur Mapuexpress le 05\/04\/2021, mis en ligne le 07\/04\/2021. \u00ab Chili : Le triomphe judiciaire Mapuche \u00e0 Pewe\u00f1antu-Villarrica permet de faire respecter la consultation de la Convention 169 et de renforcer les \u00e9cosyst\u00e8mes spirituels \u00bb : <a href=\"http:\/\/cocomagnanville.over-blog.com\/2021\/04\/chili-le-triomphe-judiciaire-mapuche-a-pewenantu-villarrica-permet-de-faire-respecter-la-consultation-de-la-convention-169-et-de-ren\">http:\/\/cocomagnanville.over-blog.com\/2021\/04\/chili-le-triomphe-judiciaire-mapuche-a-pewenantu-villarrica-permet-de-faire-respecter-la-consultation-de-la-convention-169-et-de-ren<\/a><\/li><li>Article de Cocomagnanville traduit d\u2019un article paru sur Servindi.org le 17\/04\/2021, mis en ligne le 18 Avril 2021. \u00ab Argentine : La Cour supr\u00eame condamne Neuqu\u00e9n pour non-respect des droits des autochtones \u00bb : <a href=\"http:\/\/cocomagnanville.over-blog.com\/2021\/04\/argentine-la-cour-supreme-condamne-neuquen-pour-non-respect-des-droits-des-autochtones.html\">http:\/\/cocomagnanville.over-blog.com\/2021\/04\/argentine-la-cour-supreme-condamne-neuquen-pour-non-respect-des-droits-des-autochtones.html<\/a><\/li><\/ul>\t\t\t\t\t\t\t\t<\/div>\n\t\t\t\t<\/div>\n\t\t\t\t\t<\/div>\n\t\t<\/div>\n\t\t\t\t\t<\/div>\n\t\t<\/section>\n\t\t\t\t<section class=\"elementor-section elementor-top-section elementor-element elementor-element-5cc7d21 elementor-section-boxed elementor-section-height-default elementor-section-height-default\" data-id=\"5cc7d21\" data-element_type=\"section\" data-e-type=\"section\">\n\t\t\t\t\t\t<div class=\"elementor-container elementor-column-gap-default\">\n\t\t\t\t\t<div class=\"elementor-column elementor-col-100 elementor-top-column elementor-element elementor-element-873e9c6\" data-id=\"873e9c6\" data-element_type=\"column\" data-e-type=\"column\">\n\t\t\t<div class=\"elementor-widget-wrap elementor-element-populated\">\n\t\t\t\t\t\t<div class=\"elementor-element elementor-element-5e1bed0 elementor-widget elementor-widget-spacer\" data-id=\"5e1bed0\" data-element_type=\"widget\" data-e-type=\"widget\" data-widget_type=\"spacer.default\">\n\t\t\t\t<div class=\"elementor-widget-container\">\n\t\t\t\t\t\t\t<div class=\"elementor-spacer\">\n\t\t\t<div class=\"elementor-spacer-inner\"><\/div>\n\t\t<\/div>\n\t\t\t\t\t\t<\/div>\n\t\t\t\t<\/div>\n\t\t\t\t\t<\/div>\n\t\t<\/div>\n\t\t\t\t\t<\/div>\n\t\t<\/section>\n\t\t\t\t<section class=\"elementor-section elementor-top-section elementor-element elementor-element-7edd58e elementor-section-boxed elementor-section-height-default elementor-section-height-default\" data-id=\"7edd58e\" data-element_type=\"section\" data-e-type=\"section\">\n\t\t\t\t\t\t<div class=\"elementor-container elementor-column-gap-default\">\n\t\t\t\t\t<div class=\"elementor-column elementor-col-100 elementor-top-column elementor-element elementor-element-c4ee46c\" data-id=\"c4ee46c\" data-element_type=\"column\" data-e-type=\"column\">\n\t\t\t<div class=\"elementor-widget-wrap elementor-element-populated\">\n\t\t\t\t\t\t<div class=\"elementor-element elementor-element-2a3004d elementor-view-default elementor-widget elementor-widget-icon\" data-id=\"2a3004d\" data-element_type=\"widget\" data-e-type=\"widget\" data-widget_type=\"icon.default\">\n\t\t\t\t<div class=\"elementor-widget-container\">\n\t\t\t\t\t\t\t<div class=\"elementor-icon-wrapper\">\n\t\t\t<div class=\"elementor-icon\">\n\t\t\t<i aria-hidden=\"true\" class=\"far fa-eye\"><\/i>\t\t\t<\/div>\n\t\t<\/div>\n\t\t\t\t\t\t<\/div>\n\t\t\t\t<\/div>\n\t\t\t\t<div class=\"elementor-element elementor-element-791c1a5 elementor-widget elementor-widget-heading\" data-id=\"791c1a5\" data-element_type=\"widget\" data-e-type=\"widget\" data-widget_type=\"heading.default\">\n\t\t\t\t<div class=\"elementor-widget-container\">\n\t\t\t\t\t<h2 class=\"elementor-heading-title elementor-size-default\">Retrouvez ici chacun des \u00e9pisodes de mon reportage en territoire mapuche : <\/h2>\t\t\t\t<\/div>\n\t\t\t\t<\/div>\n\t\t\t\t\t<\/div>\n\t\t<\/div>\n\t\t\t\t\t<\/div>\n\t\t<\/section>\n\t\t\t\t<section class=\"elementor-section elementor-top-section elementor-element elementor-element-2ad6793 elementor-section-boxed elementor-section-height-default elementor-section-height-default\" data-id=\"2ad6793\" data-element_type=\"section\" data-e-type=\"section\">\n\t\t\t\t\t\t<div class=\"elementor-container elementor-column-gap-default\">\n\t\t\t\t\t<div class=\"elementor-column elementor-col-100 elementor-top-column elementor-element elementor-element-d83ceab\" data-id=\"d83ceab\" data-element_type=\"column\" data-e-type=\"column\">\n\t\t\t<div class=\"elementor-widget-wrap elementor-element-populated\">\n\t\t\t\t\t\t<div class=\"elementor-element elementor-element-ca75fe7 elementor-widget elementor-widget-spacer\" data-id=\"ca75fe7\" data-element_type=\"widget\" data-e-type=\"widget\" data-widget_type=\"spacer.default\">\n\t\t\t\t<div class=\"elementor-widget-container\">\n\t\t\t\t\t\t\t<div class=\"elementor-spacer\">\n\t\t\t<div class=\"elementor-spacer-inner\"><\/div>\n\t\t<\/div>\n\t\t\t\t\t\t<\/div>\n\t\t\t\t<\/div>\n\t\t\t\t\t<\/div>\n\t\t<\/div>\n\t\t\t\t\t<\/div>\n\t\t<\/section>\n\t\t\t\t<section class=\"elementor-section elementor-top-section elementor-element elementor-element-b207c20 elementor-section-boxed elementor-section-height-default elementor-section-height-default\" data-id=\"b207c20\" data-element_type=\"section\" data-e-type=\"section\">\n\t\t\t\t\t\t<div class=\"elementor-container elementor-column-gap-default\">\n\t\t\t\t\t<div class=\"elementor-column elementor-col-100 elementor-top-column elementor-element elementor-element-301d3d6\" data-id=\"301d3d6\" data-element_type=\"column\" data-e-type=\"column\">\n\t\t\t<div class=\"elementor-widget-wrap elementor-element-populated\">\n\t\t\t\t\t\t<div class=\"elementor-element elementor-element-d48d1ec elementor-widget elementor-widget-text-editor\" data-id=\"d48d1ec\" data-element_type=\"widget\" data-e-type=\"widget\" data-widget_type=\"text-editor.default\">\n\t\t\t\t<div class=\"elementor-widget-container\">\n\t\t\t\t\t\t\t\t\t<ul>\n<li><a href=\"https:\/\/kikienvadrouille.com\/?p=3577\"><strong>Episode 1 \u2013 Portrait de ma famille d\u2019accueil\u00a0<\/strong><\/a><\/li>\n<li>\n<p><strong><a href=\"https:\/\/kikienvadrouille.com\/?p=3708\">Episode 2 \u2013 Dans la peau d&rsquo;une mapuche<\/a>\u00a0<\/strong><\/p>\n<\/li>\n<li>\n<p><strong><a href=\"https:\/\/kikienvadrouille.com\/?p=4009\">Episode 3 \u2013 L\u2019alliance \u00e0 la terre<\/a>\u00a0<\/strong><\/p>\n<\/li>\n<li>\n<p><a href=\"https:\/\/kikienvadrouille.com\/?p=4321\"><strong>Episode 4 \u2013 Se battre pour continuer d\u2019exister<\/strong><\/a><\/p>\n<\/li>\n<\/ul>\t\t\t\t\t\t\t\t<\/div>\n\t\t\t\t<\/div>\n\t\t\t\t\t<\/div>\n\t\t<\/div>\n\t\t\t\t\t<\/div>\n\t\t<\/section>\n\t\t\t\t<section class=\"elementor-section elementor-top-section elementor-element elementor-element-4903a9d elementor-section-boxed elementor-section-height-default elementor-section-height-default\" data-id=\"4903a9d\" data-element_type=\"section\" data-e-type=\"section\">\n\t\t\t\t\t\t<div class=\"elementor-container elementor-column-gap-default\">\n\t\t\t\t\t<div class=\"elementor-column elementor-col-100 elementor-top-column elementor-element elementor-element-9351dbd\" data-id=\"9351dbd\" data-element_type=\"column\" data-e-type=\"column\">\n\t\t\t<div class=\"elementor-widget-wrap\">\n\t\t\t\t\t\t\t<\/div>\n\t\t<\/div>\n\t\t\t\t\t<\/div>\n\t\t<\/section>\n\t\t\t\t<\/div>\n\t\t","protected":false},"excerpt":{"rendered":"<p>&nbsp; &nbsp; &nbsp; &nbsp;Tout au long de mon s\u00e9jour sur le domaine familial de Benita et Alejandro, je n\u2019ai cess\u00e9 de modifier mon regard et mes \u00ab croyances \u00bb vis-\u00e0-vis de cette culture autochtone. &nbsp; &nbsp; Si, \u00e0 l\u2019origine, j\u2019\u00e9tais venue \u00e0 Currarehue dans l\u2019intention, notamment, d\u2019identifier et de comprendre les r\u00e9surgences des traditions ancestrales mapuche, ce que j\u2019y ai trouv\u00e9 fut en r\u00e9alit\u00e9 beaucoup plus pertinent. &nbsp; &nbsp; &nbsp; Partager un bout de leur vie, c\u2019est faire sauter un&#8230;<\/p>\n<p class=\"read-more\"><a class=\"btn btn-default\" href=\"https:\/\/kikienvadrouille.com\/?p=4393\">Lire la suite<span class=\"screen-reader-text\"> Lire la suite<\/span><\/a><\/p>\n","protected":false},"author":1,"featured_media":4031,"comment_status":"open","ping_status":"open","sticky":false,"template":"","format":"standard","meta":{"footnotes":""},"categories":[58,129,83],"tags":[9,134,15,94,133,65,114,64,124,98,135,93,91,110,125,126,89],"class_list":["post-4393","post","type-post","status-publish","format-standard","has-post-thumbnail","hentry","category-amerique-du-sud","category-chili","category-voyages-engages","tag-amerique-du-sud","tag-autodetermination","tag-chili","tag-diversite-culturelle","tag-droits-des-peuples-autochtones","tag-droits-humains","tag-immersion","tag-luttes","tag-mapuche","tag-natifs-damerique","tag-nativerights","tag-peuples-autochtones","tag-projet-personnel","tag-protection-de-lenvironnement","tag-reportage","tag-vie-locale","tag-voyage-engage"],"_links":{"self":[{"href":"https:\/\/kikienvadrouille.com\/index.php?rest_route=\/wp\/v2\/posts\/4393","targetHints":{"allow":["GET"]}}],"collection":[{"href":"https:\/\/kikienvadrouille.com\/index.php?rest_route=\/wp\/v2\/posts"}],"about":[{"href":"https:\/\/kikienvadrouille.com\/index.php?rest_route=\/wp\/v2\/types\/post"}],"author":[{"embeddable":true,"href":"https:\/\/kikienvadrouille.com\/index.php?rest_route=\/wp\/v2\/users\/1"}],"replies":[{"embeddable":true,"href":"https:\/\/kikienvadrouille.com\/index.php?rest_route=%2Fwp%2Fv2%2Fcomments&post=4393"}],"version-history":[{"count":27,"href":"https:\/\/kikienvadrouille.com\/index.php?rest_route=\/wp\/v2\/posts\/4393\/revisions"}],"predecessor-version":[{"id":4540,"href":"https:\/\/kikienvadrouille.com\/index.php?rest_route=\/wp\/v2\/posts\/4393\/revisions\/4540"}],"wp:featuredmedia":[{"embeddable":true,"href":"https:\/\/kikienvadrouille.com\/index.php?rest_route=\/wp\/v2\/media\/4031"}],"wp:attachment":[{"href":"https:\/\/kikienvadrouille.com\/index.php?rest_route=%2Fwp%2Fv2%2Fmedia&parent=4393"}],"wp:term":[{"taxonomy":"category","embeddable":true,"href":"https:\/\/kikienvadrouille.com\/index.php?rest_route=%2Fwp%2Fv2%2Fcategories&post=4393"},{"taxonomy":"post_tag","embeddable":true,"href":"https:\/\/kikienvadrouille.com\/index.php?rest_route=%2Fwp%2Fv2%2Ftags&post=4393"}],"curies":[{"name":"wp","href":"https:\/\/api.w.org\/{rel}","templated":true}]}}