{"id":3016,"date":"2019-06-22T08:00:29","date_gmt":"2019-06-22T08:00:29","guid":{"rendered":"http:\/\/kikienvadrouille.com\/?p=3016"},"modified":"2024-11-30T20:37:44","modified_gmt":"2024-11-30T20:37:44","slug":"portrait-dune-femme-extraordinaire","status":"publish","type":"post","link":"https:\/\/kikienvadrouille.com\/?p=3016","title":{"rendered":"Le combat de Nancy pour son peuple Wichi"},"content":{"rendered":"\t\t<div data-elementor-type=\"wp-post\" data-elementor-id=\"3016\" class=\"elementor elementor-3016\">\n\t\t\t\t\t\t<section class=\"elementor-section elementor-top-section elementor-element elementor-element-38eaff1 elementor-section-boxed elementor-section-height-default elementor-section-height-default\" data-id=\"38eaff1\" data-element_type=\"section\" data-e-type=\"section\">\n\t\t\t\t\t\t<div class=\"elementor-container elementor-column-gap-default\">\n\t\t\t\t\t<div class=\"elementor-column elementor-col-100 elementor-top-column elementor-element elementor-element-0dacaa7\" data-id=\"0dacaa7\" data-element_type=\"column\" data-e-type=\"column\">\n\t\t\t<div class=\"elementor-widget-wrap elementor-element-populated\">\n\t\t\t\t\t\t<div class=\"elementor-element elementor-element-4a82057 elementor-widget elementor-widget-spacer\" data-id=\"4a82057\" data-element_type=\"widget\" data-e-type=\"widget\" data-widget_type=\"spacer.default\">\n\t\t\t\t<div class=\"elementor-widget-container\">\n\t\t\t\t\t\t\t<div class=\"elementor-spacer\">\n\t\t\t<div class=\"elementor-spacer-inner\"><\/div>\n\t\t<\/div>\n\t\t\t\t\t\t<\/div>\n\t\t\t\t<\/div>\n\t\t\t\t<div class=\"elementor-element elementor-element-ab33dd5 elementor-view-default elementor-widget elementor-widget-icon\" data-id=\"ab33dd5\" data-element_type=\"widget\" data-e-type=\"widget\" data-widget_type=\"icon.default\">\n\t\t\t\t<div class=\"elementor-widget-container\">\n\t\t\t\t\t\t\t<div class=\"elementor-icon-wrapper\">\n\t\t\t<div class=\"elementor-icon\">\n\t\t\t<i aria-hidden=\"true\" class=\"fas fa-heart\"><\/i>\t\t\t<\/div>\n\t\t<\/div>\n\t\t\t\t\t\t<\/div>\n\t\t\t\t<\/div>\n\t\t\t\t<div class=\"elementor-element elementor-element-fc8a390 elementor-invisible elementor-widget elementor-widget-text-editor\" data-id=\"fc8a390\" data-element_type=\"widget\" data-e-type=\"widget\" data-settings=\"{&quot;_animation&quot;:&quot;fadeInLeft&quot;}\" data-widget_type=\"text-editor.default\">\n\t\t\t\t<div class=\"elementor-widget-container\">\n\t\t\t\t\t\t\t\t\t<h3>\u00a0<\/h3><h3 style=\"text-align: center;\"><span style=\"color: #000000;\"><strong>T\u00e9moignage paru dans:\u00a0<\/strong><\/span><\/h3><div><span style=\"color: #000000;\"><strong>\u00a0<\/strong><\/span><\/div><ul><li style=\"text-align: left;\"><h4><span style=\"color: #000080;\"><strong><img decoding=\"async\" class=\"emoji\" role=\"img\" draggable=\"false\" src=\"https:\/\/s.w.org\/images\/core\/emoji\/13.0.1\/svg\/1f4f0.svg\" alt=\"\ud83d\udcf0\" \/>\u00a0<span style=\"color: #d95818;\">Article de presse \u00e9crite\u00a0<\/span><span style=\"color: #000000;\">:\u00a0<\/span><\/strong><\/span><\/h4><\/li><\/ul><h4>\u00a0<\/h4><p><span style=\"color: #000080;\"><strong><span style=\"color: #000000;\">Num\u00e9ro 2 du tout nouveau magazine<span style=\"color: #d95818;\"> \u00ab<\/span><\/span><span style=\"color: #d95818;\"> <a style=\"color: #d95818;\" href=\"http:\/\/www.revue-natives.com\">Natives, des peuples, des racines\u00a0<\/a><\/span><span style=\"color: #000000;\"><span style=\"color: #d95818;\">\u00bb<\/span>, consacr\u00e9 aux femmes autochtones.\u00a0<\/span><\/strong><\/span><\/p><p><img fetchpriority=\"high\" decoding=\"async\" class=\"wp-image-3430 aligncenter\" src=\"https:\/\/kikienvadrouille.com\/wp-content\/uploads\/2020\/11\/Couverture-Native-n2-Femmes-autochtones-768x1024.jpg\" alt=\"\" width=\"421\" height=\"561\" srcset=\"https:\/\/kikienvadrouille.com\/wp-content\/uploads\/2020\/11\/Couverture-Native-n2-Femmes-autochtones-768x1024.jpg 768w, https:\/\/kikienvadrouille.com\/wp-content\/uploads\/2020\/11\/Couverture-Native-n2-Femmes-autochtones-225x300.jpg 225w, https:\/\/kikienvadrouille.com\/wp-content\/uploads\/2020\/11\/Couverture-Native-n2-Femmes-autochtones-202x270.jpg 202w, https:\/\/kikienvadrouille.com\/wp-content\/uploads\/2020\/11\/Couverture-Native-n2-Femmes-autochtones.jpg 827w\" sizes=\"(max-width: 421px) 100vw, 421px\" \/><\/p><div class=\"kvgmc6g5 cxmmr5t8 oygrvhab hcukyx3x c1et5uql ii04i59q\"><div class=\"o9v6fnle cxmmr5t8 oygrvhab hcukyx3x c1et5uql ii04i59q\"><div dir=\"auto\">\u00a0<\/div><div dir=\"auto\"><em>Ce magazine est le premier, en langue fran\u00e7aise, \u00e0 donner la voix aux peuples autochtones pour rendre visible leur culture et leurs luttes pour le respect de leur identit\u00e9 et de leur mode de vie intimement li\u00e9s aux \u00e9l\u00e9ments naturels.<\/em><\/div><\/div><\/div><div dir=\"auto\">\u00a0<\/div><h4 dir=\"auto\">Le num\u00e9ro 2 de Natives est disponible <a href=\"http:\/\/www.revue-natives.com\/portfolio_page\/natives-n02\/\">ici.<\/a><\/h4><div dir=\"auto\">\u00a0<\/div><div dir=\"auto\">\u00a0<\/div><ul><li dir=\"auto\"><h4><span style=\"color: #000080;\"><strong><img decoding=\"async\" class=\"emoji\" role=\"img\" draggable=\"false\" src=\"https:\/\/s.w.org\/images\/core\/emoji\/13.0.1\/svg\/1f4fb.svg\" alt=\"\ud83d\udcfb\" \/> <span style=\"color: #d95818;\">Podcast\u00a0<\/span>:<\/strong><\/span><\/h4><\/li><\/ul><div><span style=\"color: #000080;\"><strong>\u00a0<\/strong><\/span><\/div><p><span style=\"color: #000080;\"><strong><span style=\"color: #000000;\">Le r\u00e9cit des luttes de Nancy Lopez et des femmes de son association ARETEDE, dans le Chaco argentin<\/span><\/strong><\/span><span style=\"color: #000080;\"><strong><span style=\"color: #000000;\">, disponible sur<\/span> <a href=\"https:\/\/audioblog.arteradio.com\/blog\/179982\/podcast\/179989\/episode-1-les-luttes-de-nancy-et-des-femmes-du-chaco-pour-leurs-peuples-autochtones\"><span style=\"color: #d95818; text-decoration: underline;\">mon audioblog \u00ab\u00a0Bouger les lignes au f\u00e9minin\u00a0\u00bb<\/span> <\/a><span style=\"color: #000000;\">sur Arte Radio.\u00a0<\/span><\/strong><\/span><\/p>\t\t\t\t\t\t\t\t<\/div>\n\t\t\t\t<\/div>\n\t\t\t\t<div class=\"elementor-element elementor-element-a6fa73d elementor-widget elementor-widget-spacer\" data-id=\"a6fa73d\" data-element_type=\"widget\" data-e-type=\"widget\" data-widget_type=\"spacer.default\">\n\t\t\t\t<div class=\"elementor-widget-container\">\n\t\t\t\t\t\t\t<div class=\"elementor-spacer\">\n\t\t\t<div class=\"elementor-spacer-inner\"><\/div>\n\t\t<\/div>\n\t\t\t\t\t\t<\/div>\n\t\t\t\t<\/div>\n\t\t\t\t<div class=\"elementor-element elementor-element-cdc0647 elementor-widget elementor-widget-text-editor\" data-id=\"cdc0647\" data-element_type=\"widget\" data-e-type=\"widget\" data-widget_type=\"text-editor.default\">\n\t\t\t\t<div class=\"elementor-widget-container\">\n\t\t\t\t\t\t\t\t\t<p>[SYNOPSIS ]<\/p>\t\t\t\t\t\t\t\t<\/div>\n\t\t\t\t<\/div>\n\t\t\t\t<div class=\"elementor-element elementor-element-0bc92da elementor-widget elementor-widget-text-editor\" data-id=\"0bc92da\" data-element_type=\"widget\" data-e-type=\"widget\" data-widget_type=\"text-editor.default\">\n\t\t\t\t<div class=\"elementor-widget-container\">\n\t\t\t\t\t\t\t\t\t<p>Nancy est l\u2019une des rares femmes caciques<sup class=\"modern-footnotes-footnote \" data-mfn=\"1\" data-mfn-post-scope=\"0000000075dc4ede0000000063d0e60e_3016\"><a href=\"javascript:void(0)\"  role=\"button\" aria-pressed=\"false\" aria-describedby=\"mfn-content-0000000075dc4ede0000000063d0e60e_3016-1\">1<\/a><\/sup><span id=\"mfn-content-0000000075dc4ede0000000063d0e60e_3016-1\" role=\"tooltip\" class=\"modern-footnotes-footnote__note\" tabindex=\"0\" data-mfn=\"1\"><em>cheffe de sa communaut\u00e9 autochtone<\/span>\u00a0<\/em>wichi de la province de Salta, dans le nord-est de l\u2019Argentine.<\/p><p>V\u00e9ritable combattante pour le respect et la pr\u00e9servation de sa culture, elle se positionne depuis plusieurs ann\u00e9es comme l\u2019une des porte-paroles de son ethnie, \u00e0 travers une fervente lutte artistique, politique et f\u00e9ministe.<\/p><p>Accaparement des terres ancestrales, pr\u00e9carit\u00e9 sanitaire et \u00e9cologique, perte d&rsquo;identit\u00e9, violences envers les femmes\u2026 Lors de mon enqu\u00eate men\u00e9e aupr\u00e8s d\u2019elle en mai 2018, Nancy me d\u00e9voilera l\u2019\u00e9tat d\u2019urgence absolue dans lequel se trouvent les communaut\u00e9s Wichi mais aussi l\u2019ensemble des habitants premiers du Chaco argentin<sup class=\"modern-footnotes-footnote \" data-mfn=\"2\" data-mfn-post-scope=\"0000000075dc4ede0000000063d0e60e_3016\"><a href=\"javascript:void(0)\"  role=\"button\" aria-pressed=\"false\" aria-describedby=\"mfn-content-0000000075dc4ede0000000063d0e60e_3016-2\">2<\/a><\/sup><span id=\"mfn-content-0000000075dc4ede0000000063d0e60e_3016-2\" role=\"tooltip\" class=\"modern-footnotes-footnote__note\" tabindex=\"0\" data-mfn=\"2\"><em>R\u00e9gion semi-aride compos\u00e9e de deux sous-r\u00e9gions, le Chaco central et le Chaco Austral appartenant tous deux \u00e0 une aire g\u00e9ographique plus large appel\u00e9e \u00ab\u00a0Gran Chaco\u00a0\u00bb. Cette derni\u00e8re s&rsquo;\u00e9tend en partie sur les territoires de l&rsquo;Argentine, de la Bolivie, du Br\u00e9sil et du Paraguay.<\/span>\u00a0<\/em>.<\/p><p>Parce que ces peuples sont encore ignor\u00e9s et rendus invisibles par un Etat et une administration provinciale \u00e9pris de forts int\u00e9r\u00eats \u00e9conomiques, le t\u00e9moignage de Nancy est l\u2019occasion de faire entendre leur cri jusqu&rsquo;en France.<\/p><p>\u00a0<\/p><p style=\"text-align: center;\"><em style=\"text-align: center;\">********<\/em><\/p><p><span style=\"color: #000000;\"><strong><em>Cet article s\u2019inscrit dans le cadre de mon projet personnel\u00a0de valorisation d&rsquo;initiatives locales sud-am\u00e9ricaines pour \u2013 notamment \u2013 la pr\u00e9servation des cultures autochtones et la protection de l&rsquo;environnement.<\/em><\/strong><\/span><\/p>\t\t\t\t\t\t\t\t<\/div>\n\t\t\t\t<\/div>\n\t\t\t\t\t<\/div>\n\t\t<\/div>\n\t\t\t\t\t<\/div>\n\t\t<\/section>\n\t\t\t\t<section class=\"elementor-section elementor-top-section elementor-element elementor-element-f05fa7b elementor-section-boxed elementor-section-height-default elementor-section-height-default\" data-id=\"f05fa7b\" data-element_type=\"section\" data-e-type=\"section\">\n\t\t\t\t\t\t<div class=\"elementor-container elementor-column-gap-default\">\n\t\t\t\t\t<div class=\"elementor-column elementor-col-100 elementor-top-column elementor-element elementor-element-aa39f27\" data-id=\"aa39f27\" data-element_type=\"column\" data-e-type=\"column\">\n\t\t\t<div class=\"elementor-widget-wrap elementor-element-populated\">\n\t\t\t\t\t\t<div class=\"elementor-element elementor-element-40ffb80 elementor-widget elementor-widget-spacer\" data-id=\"40ffb80\" data-element_type=\"widget\" data-e-type=\"widget\" data-widget_type=\"spacer.default\">\n\t\t\t\t<div class=\"elementor-widget-container\">\n\t\t\t\t\t\t\t<div class=\"elementor-spacer\">\n\t\t\t<div class=\"elementor-spacer-inner\"><\/div>\n\t\t<\/div>\n\t\t\t\t\t\t<\/div>\n\t\t\t\t<\/div>\n\t\t\t\t<div class=\"elementor-element elementor-element-2a55172 elementor-view-default elementor-widget elementor-widget-icon\" data-id=\"2a55172\" data-element_type=\"widget\" data-e-type=\"widget\" data-widget_type=\"icon.default\">\n\t\t\t\t<div class=\"elementor-widget-container\">\n\t\t\t\t\t\t\t<div class=\"elementor-icon-wrapper\">\n\t\t\t<div class=\"elementor-icon\">\n\t\t\t<i aria-hidden=\"true\" class=\"fas fa-info-circle\"><\/i>\t\t\t<\/div>\n\t\t<\/div>\n\t\t\t\t\t\t<\/div>\n\t\t\t\t<\/div>\n\t\t\t\t\t<\/div>\n\t\t<\/div>\n\t\t\t\t\t<\/div>\n\t\t<\/section>\n\t\t\t\t<section class=\"elementor-section elementor-top-section elementor-element elementor-element-a577246 elementor-section-boxed elementor-section-height-default elementor-section-height-default\" data-id=\"a577246\" data-element_type=\"section\" data-e-type=\"section\">\n\t\t\t\t\t\t<div class=\"elementor-container elementor-column-gap-default\">\n\t\t\t\t\t<div class=\"elementor-column elementor-col-100 elementor-top-column elementor-element elementor-element-d9174cc\" data-id=\"d9174cc\" data-element_type=\"column\" data-e-type=\"column\">\n\t\t\t<div class=\"elementor-widget-wrap elementor-element-populated\">\n\t\t\t\t\t\t<div class=\"elementor-element elementor-element-c243869 elementor-widget elementor-widget-heading\" data-id=\"c243869\" data-element_type=\"widget\" data-e-type=\"widget\" data-widget_type=\"heading.default\">\n\t\t\t\t<div class=\"elementor-widget-container\">\n\t\t\t\t\t<h2 class=\"elementor-heading-title elementor-size-default\"><u>Quelques chiffres<\/u><\/h2>\t\t\t\t<\/div>\n\t\t\t\t<\/div>\n\t\t\t\t<div class=\"elementor-element elementor-element-9963588 elementor-widget elementor-widget-spacer\" data-id=\"9963588\" data-element_type=\"widget\" data-e-type=\"widget\" data-widget_type=\"spacer.default\">\n\t\t\t\t<div class=\"elementor-widget-container\">\n\t\t\t\t\t\t\t<div class=\"elementor-spacer\">\n\t\t\t<div class=\"elementor-spacer-inner\"><\/div>\n\t\t<\/div>\n\t\t\t\t\t\t<\/div>\n\t\t\t\t<\/div>\n\t\t\t\t\t<\/div>\n\t\t<\/div>\n\t\t\t\t\t<\/div>\n\t\t<\/section>\n\t\t\t\t<section class=\"elementor-section elementor-top-section elementor-element elementor-element-a9de7e6 elementor-section-boxed elementor-section-height-default elementor-section-height-default\" data-id=\"a9de7e6\" data-element_type=\"section\" data-e-type=\"section\">\n\t\t\t\t\t\t<div class=\"elementor-container elementor-column-gap-default\">\n\t\t\t\t\t<div class=\"elementor-column elementor-col-100 elementor-top-column elementor-element elementor-element-8be8ba6\" data-id=\"8be8ba6\" data-element_type=\"column\" data-e-type=\"column\">\n\t\t\t<div class=\"elementor-widget-wrap elementor-element-populated\">\n\t\t\t\t\t\t<div class=\"elementor-element elementor-element-35f6eb4 elementor-widget elementor-widget-text-editor\" data-id=\"35f6eb4\" data-element_type=\"widget\" data-e-type=\"widget\" data-widget_type=\"text-editor.default\">\n\t\t\t\t<div class=\"elementor-widget-container\">\n\t\t\t\t\t\t\t\t\t<ul><li>En Argentine, sur 40 millions d\u2019habitants, <strong>environ 600\u00a0000 personnes sont d\u2019origine autochtone<\/strong> (ces chiffres officiels* sont contredits par le recensement effectu\u00e9 par les organisations autochtones et les diverses ONG qui font monter ce nombre \u00e0 1,8 millions de personnes indig\u00e8nes)<\/li><li><b>32 groupes ethniques<\/b> sont reconnus par l\u2019Etat *<\/li><li><b>Environ 40\u00a0000 personnes<\/b> se reconnaissent comme appartenant \u00e0 l\u2019ethnie wichi\u00a0*<\/li><li>En 2007, les Wichi \u00e9taient la <b>seconde ethnie autochtone du Chaco argentin<\/b><\/li><li>C\u2019est seulement \u00e0 la fin du XIX\u00e8me que les Argentins firent la conqu\u00eate des terres des peuples du Chaco, les espagnols n\u2019ayant pu soumettre ces derniers du temps de la colonisation<\/li><li><b>Cela fait 35 ans (depuis 1984)\u00a0qu&rsquo;une quarantaine de communaut\u00e9s autochtones regroupant 5 ethnies du Chaco argentin d\u00e9posent des plaintes<\/b> pour la r\u00e9cup\u00e9ration de leurs droits territoriaux : leur plainte est estim\u00e9e recevable en 2006 aupr\u00e8s de la Commission Interam\u00e9ricaine des Droits de l\u2019Homme (CIDH). En 2012, la CIDH approuve un rapport de fond sur l\u2019affaire et \u00e9met des recommandations envers l&rsquo;Etat, \u00e0 mettre en oeuvre dans les 3 mois suivants. L&rsquo;Etat n&rsquo;ayant pas mis en oeuvre ces recommandations, l\u2019affaire est renvoy\u00e9e depuis le 1er f\u00e9vrier 2018 devant la Cour Interam\u00e9ricaine des Droits de l\u2019Homme pour statuer sur la demande de d\u00e9limitation des territoires ancestraux et la d\u00e9livrance de titres fonciers aux communaut\u00e9s plaignantes. \u00a0<\/li><\/ul><div>\u00a0<\/div><h4><em><b>* Recensement national de 2004-2005<\/b><\/em><\/h4>\t\t\t\t\t\t\t\t<\/div>\n\t\t\t\t<\/div>\n\t\t\t\t\t<\/div>\n\t\t<\/div>\n\t\t\t\t\t<\/div>\n\t\t<\/section>\n\t\t\t\t<section class=\"elementor-section elementor-top-section elementor-element elementor-element-7ecbe2a elementor-section-boxed elementor-section-height-default elementor-section-height-default\" data-id=\"7ecbe2a\" data-element_type=\"section\" data-e-type=\"section\">\n\t\t\t\t\t\t<div class=\"elementor-container elementor-column-gap-default\">\n\t\t\t\t\t<div class=\"elementor-column elementor-col-100 elementor-top-column elementor-element elementor-element-a224003\" data-id=\"a224003\" data-element_type=\"column\" data-e-type=\"column\">\n\t\t\t<div class=\"elementor-widget-wrap elementor-element-populated\">\n\t\t\t\t\t\t<div class=\"elementor-element elementor-element-7be1d27 elementor-widget elementor-widget-spacer\" data-id=\"7be1d27\" data-element_type=\"widget\" data-e-type=\"widget\" data-widget_type=\"spacer.default\">\n\t\t\t\t<div class=\"elementor-widget-container\">\n\t\t\t\t\t\t\t<div class=\"elementor-spacer\">\n\t\t\t<div class=\"elementor-spacer-inner\"><\/div>\n\t\t<\/div>\n\t\t\t\t\t\t<\/div>\n\t\t\t\t<\/div>\n\t\t\t\t<div class=\"elementor-element elementor-element-e1307fb elementor-view-default elementor-widget elementor-widget-icon\" data-id=\"e1307fb\" data-element_type=\"widget\" data-e-type=\"widget\" data-widget_type=\"icon.default\">\n\t\t\t\t<div class=\"elementor-widget-container\">\n\t\t\t\t\t\t\t<div class=\"elementor-icon-wrapper\">\n\t\t\t<div class=\"elementor-icon\">\n\t\t\t<i aria-hidden=\"true\" class=\"far fa-newspaper\"><\/i>\t\t\t<\/div>\n\t\t<\/div>\n\t\t\t\t\t\t<\/div>\n\t\t\t\t<\/div>\n\t\t\t\t\t<\/div>\n\t\t<\/div>\n\t\t\t\t\t<\/div>\n\t\t<\/section>\n\t\t\t\t<section class=\"elementor-section elementor-top-section elementor-element elementor-element-b5add93 elementor-section-boxed elementor-section-height-default elementor-section-height-default\" data-id=\"b5add93\" data-element_type=\"section\" data-e-type=\"section\">\n\t\t\t\t\t\t<div class=\"elementor-container elementor-column-gap-default\">\n\t\t\t\t\t<div class=\"elementor-column elementor-col-100 elementor-top-column elementor-element elementor-element-b104b92\" data-id=\"b104b92\" data-element_type=\"column\" data-e-type=\"column\">\n\t\t\t<div class=\"elementor-widget-wrap elementor-element-populated\">\n\t\t\t\t\t\t<div class=\"elementor-element elementor-element-07a8ae9 elementor-widget elementor-widget-text-editor\" data-id=\"07a8ae9\" data-element_type=\"widget\" data-e-type=\"widget\" data-widget_type=\"text-editor.default\">\n\t\t\t\t<div class=\"elementor-widget-container\">\n\t\t\t\t\t\t\t\t\t<p><em>Vous \u00eates un m\u00e9dia de presse \u00e9crite, web ou radiophonique? Vous \u00eates une association ? Vous \u00eates int\u00e9ress\u00e9.e.s pour parler des luttes de Nancy ?<\/em><\/p>\n<p><em><b>Contactez-moi !<\/b><\/em><\/p>\t\t\t\t\t\t\t\t<\/div>\n\t\t\t\t<\/div>\n\t\t\t\t\t<\/div>\n\t\t<\/div>\n\t\t\t\t\t<\/div>\n\t\t<\/section>\n\t\t\t\t<\/div>\n\t\t","protected":false},"excerpt":{"rendered":"<p>\u00a0 T\u00e9moignage paru dans:\u00a0 \u00a0 \u00a0Article de presse \u00e9crite\u00a0:\u00a0 \u00a0 Num\u00e9ro 2 du tout nouveau magazine \u00ab Natives, des peuples, des racines\u00a0\u00bb, consacr\u00e9 aux femmes autochtones.\u00a0 \u00a0Ce magazine est le premier, en langue fran\u00e7aise, \u00e0 donner la voix aux peuples autochtones pour rendre visible leur culture et leurs luttes pour le respect de leur identit\u00e9 et de leur mode de vie intimement li\u00e9s aux \u00e9l\u00e9ments naturels.\u00a0 Le num\u00e9ro 2 de Natives est disponible ici. \u00a0\u00a0 Podcast\u00a0: \u00a0 Le r\u00e9cit des&#8230;<\/p>\n<p class=\"read-more\"><a class=\"btn btn-default\" href=\"https:\/\/kikienvadrouille.com\/?p=3016\">Lire la suite<span class=\"screen-reader-text\"> Lire la suite<\/span><\/a><\/p>\n","protected":false},"author":1,"featured_media":2772,"comment_status":"open","ping_status":"open","sticky":false,"template":"","format":"standard","meta":{"footnotes":""},"categories":[3,83],"tags":[9,90,10,116,94,88,64,98,93,91,110,89,122],"class_list":["post-3016","post","type-post","status-publish","format-standard","has-post-thumbnail","hentry","category-portrait","category-voyages-engages","tag-amerique-du-sud","tag-argentine","tag-artisanat-traditionnel","tag-culture-locale","tag-diversite-culturelle","tag-feminisme","tag-luttes","tag-natifs-damerique","tag-peuples-autochtones","tag-projet-personnel","tag-protection-de-lenvironnement","tag-voyage-engage","tag-wichi"],"_links":{"self":[{"href":"https:\/\/kikienvadrouille.com\/index.php?rest_route=\/wp\/v2\/posts\/3016","targetHints":{"allow":["GET"]}}],"collection":[{"href":"https:\/\/kikienvadrouille.com\/index.php?rest_route=\/wp\/v2\/posts"}],"about":[{"href":"https:\/\/kikienvadrouille.com\/index.php?rest_route=\/wp\/v2\/types\/post"}],"author":[{"embeddable":true,"href":"https:\/\/kikienvadrouille.com\/index.php?rest_route=\/wp\/v2\/users\/1"}],"replies":[{"embeddable":true,"href":"https:\/\/kikienvadrouille.com\/index.php?rest_route=%2Fwp%2Fv2%2Fcomments&post=3016"}],"version-history":[{"count":41,"href":"https:\/\/kikienvadrouille.com\/index.php?rest_route=\/wp\/v2\/posts\/3016\/revisions"}],"predecessor-version":[{"id":7923,"href":"https:\/\/kikienvadrouille.com\/index.php?rest_route=\/wp\/v2\/posts\/3016\/revisions\/7923"}],"wp:featuredmedia":[{"embeddable":true,"href":"https:\/\/kikienvadrouille.com\/index.php?rest_route=\/wp\/v2\/media\/2772"}],"wp:attachment":[{"href":"https:\/\/kikienvadrouille.com\/index.php?rest_route=%2Fwp%2Fv2%2Fmedia&parent=3016"}],"wp:term":[{"taxonomy":"category","embeddable":true,"href":"https:\/\/kikienvadrouille.com\/index.php?rest_route=%2Fwp%2Fv2%2Fcategories&post=3016"},{"taxonomy":"post_tag","embeddable":true,"href":"https:\/\/kikienvadrouille.com\/index.php?rest_route=%2Fwp%2Fv2%2Ftags&post=3016"}],"curies":[{"name":"wp","href":"https:\/\/api.w.org\/{rel}","templated":true}]}}