{"id":2536,"date":"2019-02-19T17:49:30","date_gmt":"2019-02-19T17:49:30","guid":{"rendered":"http:\/\/kikienvadrouille.com\/?p=2536"},"modified":"2020-07-15T15:52:42","modified_gmt":"2020-07-15T15:52:42","slug":"rencontres-ticuna-sur-les-rives-dun-lac-amazonien","status":"publish","type":"post","link":"https:\/\/kikienvadrouille.com\/?p=2536","title":{"rendered":"Rencontres Ticuna sur les rives d&rsquo;un lac amazonien"},"content":{"rendered":"\t\t<div data-elementor-type=\"wp-post\" data-elementor-id=\"2536\" class=\"elementor elementor-2536\">\n\t\t\t\t\t\t<section class=\"elementor-section elementor-top-section elementor-element elementor-element-9684928 elementor-section-boxed elementor-section-height-default elementor-section-height-default\" data-id=\"9684928\" data-element_type=\"section\" data-e-type=\"section\">\n\t\t\t\t\t\t<div class=\"elementor-container elementor-column-gap-default\">\n\t\t\t\t\t<div class=\"elementor-column elementor-col-100 elementor-top-column elementor-element elementor-element-be92b0d\" data-id=\"be92b0d\" data-element_type=\"column\" data-e-type=\"column\">\n\t\t\t<div class=\"elementor-widget-wrap elementor-element-populated\">\n\t\t\t\t\t\t<div class=\"elementor-element elementor-element-c83943c elementor-drop-cap-yes elementor-drop-cap-view-default elementor-widget elementor-widget-text-editor\" data-id=\"c83943c\" data-element_type=\"widget\" data-e-type=\"widget\" data-settings=\"{&quot;drop_cap&quot;:&quot;yes&quot;}\" data-widget_type=\"text-editor.default\">\n\t\t\t\t<div class=\"elementor-widget-container\">\n\t\t\t\t\t\t\t\t\t<p><em><span style=\"color: #000000;\"><strong>Je vous pr\u00e9sente i<\/strong><strong>ci <\/strong><strong>deux br\u00e8ves mais non moins enrichissantes rencontres <\/strong><strong>faites en me rendant dans le petit village de Santa Clara de Tarapoto, en Amazonie colombienne.<\/strong><\/span><\/em><\/p><p><em><span style=\"color: #000000;\"><strong>Ces rencontres se sont inscrites dans le cadre de <a href=\"https:\/\/kikienvadrouille.com\/?page_id=2254\" target=\"_blank\" rel=\"noopener\">mon projet personnel de voyage<\/a> d\u00e9di\u00e9 \u00e0 la mise en valeur des cultures indig\u00e8nes d&rsquo;Am\u00e9rique du Sud.<\/strong><\/span><\/em><\/p><p style=\"text-align: center;\">***************<\/p>\t\t\t\t\t\t\t\t<\/div>\n\t\t\t\t<\/div>\n\t\t\t\t<div class=\"elementor-element elementor-element-21ae6a6 elementor-drop-cap-yes elementor-drop-cap-view-default elementor-widget elementor-widget-text-editor\" data-id=\"21ae6a6\" data-element_type=\"widget\" data-e-type=\"widget\" data-settings=\"{&quot;drop_cap&quot;:&quot;yes&quot;}\" data-widget_type=\"text-editor.default\">\n\t\t\t\t<div class=\"elementor-widget-container\">\n\t\t\t\t\t\t\t\t\t<p>Sur ma demande, F\u00e9lix, notre guide de Puerto Nari\u00f1o<sup class=\"modern-footnotes-footnote \" data-mfn=\"1\" data-mfn-post-scope=\"0000000021b6c8fd000000000378d069_2536\"><a href=\"javascript:void(0)\"  role=\"button\" aria-pressed=\"false\" aria-describedby=\"mfn-content-0000000021b6c8fd000000000378d069_2536-1\">1<\/a><\/sup><span id=\"mfn-content-0000000021b6c8fd000000000378d069_2536-1\" role=\"tooltip\" class=\"modern-footnotes-footnote__note\" tabindex=\"0\" data-mfn=\"1\">V<em>illage \u00ab\u00a0\u00e9cotouristique\u00a0\u00bb situ\u00e9 en amont de Laeticia<\/em><\/span> nous a emmen\u00e9, deux voyageurs de mon auberge et moi, \u00e0 la rencontre de locaux habitant sur les bords du lac Tarapoto, \u00e0 Santa Clara. <b>Ici vit une communaut\u00e9 autochtone Ticuna.<\/b> \u00a0<\/p>\t\t\t\t\t\t\t\t<\/div>\n\t\t\t\t<\/div>\n\t\t\t\t\t<\/div>\n\t\t<\/div>\n\t\t\t\t\t<\/div>\n\t\t<\/section>\n\t\t\t\t<section class=\"elementor-section elementor-top-section elementor-element elementor-element-442434e elementor-section-boxed elementor-section-height-default elementor-section-height-default\" data-id=\"442434e\" data-element_type=\"section\" data-e-type=\"section\">\n\t\t\t\t\t\t<div class=\"elementor-container elementor-column-gap-default\">\n\t\t\t\t\t<div class=\"elementor-column elementor-col-100 elementor-top-column elementor-element elementor-element-8ca172d\" data-id=\"8ca172d\" data-element_type=\"column\" data-e-type=\"column\">\n\t\t\t<div class=\"elementor-widget-wrap elementor-element-populated\">\n\t\t\t\t\t\t<div class=\"elementor-element elementor-element-7b669ce elementor-view-default elementor-widget elementor-widget-icon\" data-id=\"7b669ce\" data-element_type=\"widget\" data-e-type=\"widget\" data-widget_type=\"icon.default\">\n\t\t\t\t<div class=\"elementor-widget-container\">\n\t\t\t\t\t\t\t<div class=\"elementor-icon-wrapper\">\n\t\t\t<div class=\"elementor-icon\">\n\t\t\t\t\t\t\t<i class=\"fa fa-map\" aria-hidden=\"true\"><\/i>\n\t\t\t\t\t\t<\/div>\n\t\t<\/div>\n\t\t\t\t\t\t<\/div>\n\t\t\t\t<\/div>\n\t\t\t\t<div class=\"elementor-element elementor-element-8c7364d elementor-widget elementor-widget-text-editor\" data-id=\"8c7364d\" data-element_type=\"widget\" data-e-type=\"widget\" data-widget_type=\"text-editor.default\">\n\t\t\t\t<div class=\"elementor-widget-container\">\n\t\t\t\t\t\t\t\t\t<p><strong>Localisation\u00a0<\/strong><strong>approximative\u00a0<\/strong><strong>de<\/strong><strong>\u00a0Santa Clara de Tarapoto<\/strong><\/p><p><strong>(le village est inconnu de Google)<\/strong><\/p>\t\t\t\t\t\t\t\t<\/div>\n\t\t\t\t<\/div>\n\t\t\t\t<div class=\"elementor-element elementor-element-0e463f8 elementor-widget elementor-widget-google_maps\" data-id=\"0e463f8\" data-element_type=\"widget\" data-e-type=\"widget\" data-widget_type=\"google_maps.default\">\n\t\t\t\t<div class=\"elementor-widget-container\">\n\t\t\t\t\t\t\t<div class=\"elementor-custom-embed\">\n\t\t\t<iframe loading=\"lazy\"\n\t\t\t\t\tsrc=\"https:\/\/maps.google.com\/maps?q=-3.788027%2C%20-70.432372&#038;t=m&#038;z=10&#038;output=embed&#038;iwloc=near\"\n\t\t\t\t\ttitle=\"-3.788027, -70.432372\"\n\t\t\t\t\taria-label=\"-3.788027, -70.432372\"\n\t\t\t><\/iframe>\n\t\t<\/div>\n\t\t\t\t\t\t<\/div>\n\t\t\t\t<\/div>\n\t\t\t\t\t<\/div>\n\t\t<\/div>\n\t\t\t\t\t<\/div>\n\t\t<\/section>\n\t\t\t\t<section class=\"elementor-section elementor-top-section elementor-element elementor-element-1850b32 elementor-section-boxed elementor-section-height-default elementor-section-height-default\" data-id=\"1850b32\" data-element_type=\"section\" data-e-type=\"section\">\n\t\t\t\t\t\t<div class=\"elementor-container elementor-column-gap-default\">\n\t\t\t\t\t<div class=\"elementor-column elementor-col-100 elementor-top-column elementor-element elementor-element-6163faa\" data-id=\"6163faa\" data-element_type=\"column\" data-e-type=\"column\">\n\t\t\t<div class=\"elementor-widget-wrap elementor-element-populated\">\n\t\t\t\t\t\t<div class=\"elementor-element elementor-element-6b6b002 elementor-widget elementor-widget-spacer\" data-id=\"6b6b002\" data-element_type=\"widget\" data-e-type=\"widget\" data-widget_type=\"spacer.default\">\n\t\t\t\t<div class=\"elementor-widget-container\">\n\t\t\t\t\t\t\t<div class=\"elementor-spacer\">\n\t\t\t<div class=\"elementor-spacer-inner\"><\/div>\n\t\t<\/div>\n\t\t\t\t\t\t<\/div>\n\t\t\t\t<\/div>\n\t\t\t\t\t<\/div>\n\t\t<\/div>\n\t\t\t\t\t<\/div>\n\t\t<\/section>\n\t\t\t\t<section class=\"elementor-section elementor-top-section elementor-element elementor-element-e1cd5f3 elementor-section-boxed elementor-section-height-default elementor-section-height-default\" data-id=\"e1cd5f3\" data-element_type=\"section\" data-e-type=\"section\">\n\t\t\t\t\t\t<div class=\"elementor-container elementor-column-gap-default\">\n\t\t\t\t\t<div class=\"elementor-column elementor-col-100 elementor-top-column elementor-element elementor-element-29ac14d\" data-id=\"29ac14d\" data-element_type=\"column\" data-e-type=\"column\">\n\t\t\t<div class=\"elementor-widget-wrap elementor-element-populated\">\n\t\t\t\t\t\t<div class=\"elementor-element elementor-element-fcfe997 elementor-widget elementor-widget-text-editor\" data-id=\"fcfe997\" data-element_type=\"widget\" data-e-type=\"widget\" data-widget_type=\"text-editor.default\">\n\t\t\t\t<div class=\"elementor-widget-container\">\n\t\t\t\t\t\t\t\t\t<p>Arriv\u00e9s dans <strong>ce petit village o\u00f9 cohabitent seulement 10 familles indig\u00e8nes<\/strong>, les deux voyageurs partent p\u00eacher avec notre guide (je les ai un peu embarqu\u00e9s dans cette aventure par d\u00e9faut&#8230;\u00a0!) pendant que je me balade seule en qu\u00eate d\u2019\u00e9changes verbaux avec quelques habitants.<\/p>\t\t\t\t\t\t\t\t<\/div>\n\t\t\t\t<\/div>\n\t\t\t\t\t<\/div>\n\t\t<\/div>\n\t\t\t\t\t<\/div>\n\t\t<\/section>\n\t\t\t\t<section class=\"elementor-section elementor-top-section elementor-element elementor-element-5cdf459 elementor-section-boxed elementor-section-height-default elementor-section-height-default\" data-id=\"5cdf459\" data-element_type=\"section\" data-e-type=\"section\">\n\t\t\t\t\t\t<div class=\"elementor-container elementor-column-gap-default\">\n\t\t\t\t\t<div class=\"elementor-column elementor-col-100 elementor-top-column elementor-element elementor-element-4b44c6b\" data-id=\"4b44c6b\" data-element_type=\"column\" data-e-type=\"column\">\n\t\t\t<div class=\"elementor-widget-wrap\">\n\t\t\t\t\t\t\t<\/div>\n\t\t<\/div>\n\t\t\t\t\t<\/div>\n\t\t<\/section>\n\t\t\t\t<section class=\"elementor-section elementor-top-section elementor-element elementor-element-04ec7ab elementor-section-boxed elementor-section-height-default elementor-section-height-default\" data-id=\"04ec7ab\" data-element_type=\"section\" data-e-type=\"section\">\n\t\t\t\t\t\t<div class=\"elementor-container elementor-column-gap-default\">\n\t\t\t\t\t<div class=\"elementor-column elementor-col-100 elementor-top-column elementor-element elementor-element-ecb3a88\" data-id=\"ecb3a88\" data-element_type=\"column\" data-e-type=\"column\">\n\t\t\t<div class=\"elementor-widget-wrap elementor-element-populated\">\n\t\t\t\t\t\t<div class=\"elementor-element elementor-element-927f3ef elementor-widget elementor-widget-heading\" data-id=\"927f3ef\" data-element_type=\"widget\" data-e-type=\"widget\" data-widget_type=\"heading.default\">\n\t\t\t\t<div class=\"elementor-widget-container\">\n\t\t\t\t\t<h2 class=\"elementor-heading-title elementor-size-default\">La dame qui pr\u00e9parait le Masato<\/h2>\t\t\t\t<\/div>\n\t\t\t\t<\/div>\n\t\t\t\t\t<\/div>\n\t\t<\/div>\n\t\t\t\t\t<\/div>\n\t\t<\/section>\n\t\t\t\t<section class=\"elementor-section elementor-top-section elementor-element elementor-element-df001de elementor-section-boxed elementor-section-height-default elementor-section-height-default\" data-id=\"df001de\" data-element_type=\"section\" data-e-type=\"section\">\n\t\t\t\t\t\t<div class=\"elementor-container elementor-column-gap-default\">\n\t\t\t\t\t<div class=\"elementor-column elementor-col-100 elementor-top-column elementor-element elementor-element-140478f\" data-id=\"140478f\" data-element_type=\"column\" data-e-type=\"column\">\n\t\t\t<div class=\"elementor-widget-wrap elementor-element-populated\">\n\t\t\t\t\t\t\t<\/div>\n\t\t<\/div>\n\t\t\t\t\t<\/div>\n\t\t<\/section>\n\t\t\t\t<section class=\"elementor-section elementor-top-section elementor-element elementor-element-0d42ade elementor-section-boxed elementor-section-height-default elementor-section-height-default\" data-id=\"0d42ade\" data-element_type=\"section\" data-e-type=\"section\">\n\t\t\t\t\t\t<div class=\"elementor-container elementor-column-gap-default\">\n\t\t\t\t\t<div class=\"elementor-column elementor-col-50 elementor-top-column elementor-element elementor-element-13b2b1c\" data-id=\"13b2b1c\" data-element_type=\"column\" data-e-type=\"column\">\n\t\t\t<div class=\"elementor-widget-wrap elementor-element-populated\">\n\t\t\t\t\t\t<div class=\"elementor-element elementor-element-c86fa29 elementor-view-default elementor-widget elementor-widget-icon\" data-id=\"c86fa29\" data-element_type=\"widget\" data-e-type=\"widget\" data-widget_type=\"icon.default\">\n\t\t\t\t<div class=\"elementor-widget-container\">\n\t\t\t\t\t\t\t<div class=\"elementor-icon-wrapper\">\n\t\t\t<div class=\"elementor-icon\">\n\t\t\t\t\t\t\t<i class=\"fa fa-quote-right\" aria-hidden=\"true\"><\/i>\n\t\t\t\t\t\t<\/div>\n\t\t<\/div>\n\t\t\t\t\t\t<\/div>\n\t\t\t\t<\/div>\n\t\t\t\t\t<\/div>\n\t\t<\/div>\n\t\t\t\t<div class=\"elementor-column elementor-col-50 elementor-top-column elementor-element elementor-element-ed164f7\" data-id=\"ed164f7\" data-element_type=\"column\" data-e-type=\"column\">\n\t\t\t<div class=\"elementor-widget-wrap elementor-element-populated\">\n\t\t\t\t\t\t<div class=\"elementor-element elementor-element-30f72cb elementor-widget elementor-widget-text-editor\" data-id=\"30f72cb\" data-element_type=\"widget\" data-e-type=\"widget\" data-widget_type=\"text-editor.default\">\n\t\t\t\t<div class=\"elementor-widget-container\">\n\t\t\t\t\t\t\t\t\t<blockquote><p>Apr\u00e8s avoir fait s\u00e9cher les feuilles de manioc durant plusieurs jours au soleil, ces feuilles sont vers\u00e9es dans un gros bidon rempli d\u2019eau\u2026 Et de salive\u2026\u00a0!\u00a0<\/p><\/blockquote>\t\t\t\t\t\t\t\t<\/div>\n\t\t\t\t<\/div>\n\t\t\t\t\t<\/div>\n\t\t<\/div>\n\t\t\t\t\t<\/div>\n\t\t<\/section>\n\t\t\t\t<section class=\"elementor-section elementor-top-section elementor-element elementor-element-689d5f6 elementor-section-boxed elementor-section-height-default elementor-section-height-default\" data-id=\"689d5f6\" data-element_type=\"section\" data-e-type=\"section\">\n\t\t\t\t\t\t<div class=\"elementor-container elementor-column-gap-default\">\n\t\t\t\t\t<div class=\"elementor-column elementor-col-100 elementor-top-column elementor-element elementor-element-97a05c0\" data-id=\"97a05c0\" data-element_type=\"column\" data-e-type=\"column\">\n\t\t\t<div class=\"elementor-widget-wrap elementor-element-populated\">\n\t\t\t\t\t\t<div class=\"elementor-element elementor-element-f985ba0 elementor-widget elementor-widget-text-editor\" data-id=\"f985ba0\" data-element_type=\"widget\" data-e-type=\"widget\" data-widget_type=\"text-editor.default\">\n\t\t\t\t<div class=\"elementor-widget-container\">\n\t\t\t\t\t\t\t\t\t<p>Devant une maison en pilotis, des v\u00e9g\u00e9taux coup\u00e9s et rassembl\u00e9s dans une cuve en m\u00e9tal jonchent le sol. Cela attire ma curiosit\u00e9 et fait aussit\u00f4t sortir la propri\u00e9taire des lieux. Elle se pr\u00e9sente \u00e0 moi \u00e0 coup de grands sourires sur le palier de sa maison.<\/p>\t\t\t\t\t\t\t\t<\/div>\n\t\t\t\t<\/div>\n\t\t\t\t<div class=\"elementor-element elementor-element-3ce4597 elementor-widget elementor-widget-image\" data-id=\"3ce4597\" data-element_type=\"widget\" data-e-type=\"widget\" data-widget_type=\"image.default\">\n\t\t\t\t<div class=\"elementor-widget-container\">\n\t\t\t\t\t\t\t\t\t\t\t\t<figure class=\"wp-caption\">\n\t\t\t\t\t\t\t\t\t\t<img fetchpriority=\"high\" decoding=\"async\" width=\"640\" height=\"480\" src=\"https:\/\/kikienvadrouille.com\/wp-content\/uploads\/2019\/02\/P8080613-1024x768.jpg\" class=\"attachment-large size-large wp-image-2544\" alt=\"\" srcset=\"https:\/\/kikienvadrouille.com\/wp-content\/uploads\/2019\/02\/P8080613-1024x768.jpg 1024w, https:\/\/kikienvadrouille.com\/wp-content\/uploads\/2019\/02\/P8080613-300x225.jpg 300w, https:\/\/kikienvadrouille.com\/wp-content\/uploads\/2019\/02\/P8080613-768x576.jpg 768w, https:\/\/kikienvadrouille.com\/wp-content\/uploads\/2019\/02\/P8080613-360x270.jpg 360w\" sizes=\"(max-width: 640px) 100vw, 640px\" \/>\t\t\t\t\t\t\t\t\t\t\t<figcaption class=\"widget-image-caption wp-caption-text\">Feuilles de manioc <\/figcaption>\n\t\t\t\t\t\t\t\t\t\t<\/figure>\n\t\t\t\t\t\t\t\t\t<\/div>\n\t\t\t\t<\/div>\n\t\t\t\t<div class=\"elementor-element elementor-element-950efda elementor-widget elementor-widget-text-editor\" data-id=\"950efda\" data-element_type=\"widget\" data-e-type=\"widget\" data-widget_type=\"text-editor.default\">\n\t\t\t\t<div class=\"elementor-widget-container\">\n\t\t\t\t\t\t\t\t\t<p>Elle m\u2019explique qu\u2019elle pr\u00e9pare de la <b><em>chicha de<\/em> <em>yuca<\/em><\/b>, une sorte de bi\u00e8re de manioc, <b>pour la f\u00eate d\u2019anniversaire du village <\/b>qui aura lieu ce weekend.<\/p>\t\t\t\t\t\t\t\t<\/div>\n\t\t\t\t<\/div>\n\t\t\t\t<div class=\"elementor-element elementor-element-769c5d7 elementor-widget elementor-widget-text-editor\" data-id=\"769c5d7\" data-element_type=\"widget\" data-e-type=\"widget\" data-widget_type=\"text-editor.default\">\n\t\t\t\t<div class=\"elementor-widget-container\">\n\t\t\t\t\t\t\t\t\t<p>Cette dame a 50 ans. Je ne me souviens malheureusement plus de son pr\u00e9nom (honte \u00e0 moi\u00a0!) mais nous avons un tr\u00e8s bon \u00ab\u00a0feeling\u00a0\u00bb toutes les deux. Elle me fait monter chez elle pour m\u2019expliquer un peu mieux le processus de production de cette fameuse chicha appel\u00e9e, ici en Amazonie,<strong> le <em>masato<\/em><\/strong>.<\/p>\t\t\t\t\t\t\t\t<\/div>\n\t\t\t\t<\/div>\n\t\t\t\t<div class=\"elementor-element elementor-element-fcea09f elementor-widget elementor-widget-text-editor\" data-id=\"fcea09f\" data-element_type=\"widget\" data-e-type=\"widget\" data-widget_type=\"text-editor.default\">\n\t\t\t\t<div class=\"elementor-widget-container\">\n\t\t\t\t\t\t\t\t\t<p>Apr\u00e8s avoir fait s\u00e9cher les feuilles de manioc durant plusieurs jours au soleil, ces feuilles sont vers\u00e9es dans un gros bidon rempli d\u2019eau\u2026 Et de salive\u2026\u00a0! <b>Oui, vous avez bien entendu, on crache directement dans la cuve de mac\u00e9ration\u00a0!<\/b> Le but est d\u2019acc\u00e9l\u00e9rer la\u00a0production de sucres rapides \u00e0 partir des sucres complexes de l\u2019amidon du manioc. On fait alors mac\u00e9rer le tout pendant 3 jours, en m\u00e9langeant de temps \u00e0 autre la substance \u00e0 la main. Une fois cette phase achev\u00e9e, une sorte de p\u00e2te s\u2019est form\u00e9e en surface. On en extrait le \u00ab\u00a0jus\u00a0\u00bb, c\u2019est la bi\u00e8re<em> masato<\/em>.<\/p>\t\t\t\t\t\t\t\t<\/div>\n\t\t\t\t<\/div>\n\t\t\t\t<div class=\"elementor-element elementor-element-9183583 elementor-widget elementor-widget-text-editor\" data-id=\"9183583\" data-element_type=\"widget\" data-e-type=\"widget\" data-widget_type=\"text-editor.default\">\n\t\t\t\t<div class=\"elementor-widget-container\">\n\t\t\t\t\t\t\t\t\t<p>Celle-ci \u00e9tant en cours de fermentation, je n\u2019aurai pu la go\u00fbter. Cependant, la dame ouvre le gros bidon de liquide pour me montrer. Il s\u2019en d\u00e9gage alors une odeur\u2026 peu all\u00e9chante\u2026\u00a0!<\/p>\t\t\t\t\t\t\t\t<\/div>\n\t\t\t\t<\/div>\n\t\t\t\t<section class=\"elementor-section elementor-inner-section elementor-element elementor-element-ab0cf94 elementor-section-boxed elementor-section-height-default elementor-section-height-default\" data-id=\"ab0cf94\" data-element_type=\"section\" data-e-type=\"section\">\n\t\t\t\t\t\t<div class=\"elementor-container elementor-column-gap-default\">\n\t\t\t\t\t<div class=\"elementor-column elementor-col-50 elementor-inner-column elementor-element elementor-element-76bda06\" data-id=\"76bda06\" data-element_type=\"column\" data-e-type=\"column\">\n\t\t\t<div class=\"elementor-widget-wrap elementor-element-populated\">\n\t\t\t\t\t\t<div class=\"elementor-element elementor-element-d6e04f5 elementor-widget elementor-widget-text-editor\" data-id=\"d6e04f5\" data-element_type=\"widget\" data-e-type=\"widget\" data-widget_type=\"text-editor.default\">\n\t\t\t\t<div class=\"elementor-widget-container\">\n\t\t\t\t\t\t\t\t\t<blockquote>\n<p>La plupart des habitants de Santa Clara sont (&#8230;) fortement impr\u00e9gn\u00e9s de la vie occidentale du fait des contacts coloniaux successifs et nombreux.<\/p>\n<\/blockquote>\t\t\t\t\t\t\t\t<\/div>\n\t\t\t\t<\/div>\n\t\t\t\t\t<\/div>\n\t\t<\/div>\n\t\t\t\t<div class=\"elementor-column elementor-col-50 elementor-inner-column elementor-element elementor-element-fb74584\" data-id=\"fb74584\" data-element_type=\"column\" data-e-type=\"column\">\n\t\t\t<div class=\"elementor-widget-wrap elementor-element-populated\">\n\t\t\t\t\t\t<div class=\"elementor-element elementor-element-0eb32cd elementor-view-default elementor-widget elementor-widget-icon\" data-id=\"0eb32cd\" data-element_type=\"widget\" data-e-type=\"widget\" data-widget_type=\"icon.default\">\n\t\t\t\t<div class=\"elementor-widget-container\">\n\t\t\t\t\t\t\t<div class=\"elementor-icon-wrapper\">\n\t\t\t<div class=\"elementor-icon\">\n\t\t\t\t\t\t\t<i class=\"fa fa-quote-left\" aria-hidden=\"true\"><\/i>\n\t\t\t\t\t\t<\/div>\n\t\t<\/div>\n\t\t\t\t\t\t<\/div>\n\t\t\t\t<\/div>\n\t\t\t\t\t<\/div>\n\t\t<\/div>\n\t\t\t\t\t<\/div>\n\t\t<\/section>\n\t\t\t\t<div class=\"elementor-element elementor-element-39d47c3 elementor-widget elementor-widget-text-editor\" data-id=\"39d47c3\" data-element_type=\"widget\" data-e-type=\"widget\" data-widget_type=\"text-editor.default\">\n\t\t\t\t<div class=\"elementor-widget-container\">\n\t\t\t\t\t\t\t\t\t<p>Nous papotons durant un bon moment. La dame vit ici avec l\u2019une de ses filles. La plupart de ses proches vivent d\u2019ailleurs dans ce m\u00eame village, dans d\u2019autres familles. Elle m\u2019explique que <b>chaque foyer pr\u00e9pare sa propre boisson de manioc<\/b> afin de la partager ensemble lors du buffet de samedi et dimanche. Durant cette f\u00eate, il y aura aussi de la musique au synth\u00e9 et de la danse.<\/p>\t\t\t\t\t\t\t\t<\/div>\n\t\t\t\t<\/div>\n\t\t\t\t<div class=\"elementor-element elementor-element-77849f1 elementor-widget elementor-widget-text-editor\" data-id=\"77849f1\" data-element_type=\"widget\" data-e-type=\"widget\" data-widget_type=\"text-editor.default\">\n\t\t\t\t<div class=\"elementor-widget-container\">\n\t\t\t\t\t\t\t\t\t<p>La dame est tr\u00e8s curieuse de ma vie de voyageuse, ainsi que de ma famille en France. Nous \u00e9changeons sur mon projet de valorisation de cultures autochtones, et sur les diff\u00e9rents pays que j\u2019ai travers\u00e9 jusqu\u2019\u00e0 pr\u00e9sent en Am\u00e9rique du Sud.<\/p>\t\t\t\t\t\t\t\t<\/div>\n\t\t\t\t<\/div>\n\t\t\t\t<div class=\"elementor-element elementor-element-dac0204 elementor-widget elementor-widget-text-editor\" data-id=\"dac0204\" data-element_type=\"widget\" data-e-type=\"widget\" data-widget_type=\"text-editor.default\">\n\t\t\t\t<div class=\"elementor-widget-container\">\n\t\t\t\t\t\t\t\t\t<p>\u00c0 mon tour, je l\u2019interroge sur la vie de sa communaut\u00e9, sur les \u00ab\u00a0survivances\u00a0\u00bb de sa culture indig\u00e8ne. <strong>Elle me confie n\u2019\u00eatre plus que la seule du village \u00e0 parler r\u00e9guli\u00e8rement le Ticuna.<\/strong> Elle le parle avec sa fille, \u00e0 qui elle la transmis. Cependant,\u00a0la plupart des villageois d\u2019ici, s\u2019ils le comprennent, ne le parlent plus vraiment entre eux dans la vie quotidienne. Elle m\u2019indique n\u00e9anmoins que les enfants l\u2019apprennent \u00e0 l\u2019\u00e9cole, \u00e0 Puerto Nari\u00f1o. Serait-ce ainsi une tentative trop tardive de conservation de leur patrimoine linguistique\u2026? La plupart des habitants de Santa Clara sont en effet fortement impr\u00e9gn\u00e9s de la vie occidentale du fait des contacts coloniaux successifs et nombreux.<\/p>\t\t\t\t\t\t\t\t<\/div>\n\t\t\t\t<\/div>\n\t\t\t\t<div class=\"elementor-element elementor-element-401ea8a elementor-widget elementor-widget-image\" data-id=\"401ea8a\" data-element_type=\"widget\" data-e-type=\"widget\" data-widget_type=\"image.default\">\n\t\t\t\t<div class=\"elementor-widget-container\">\n\t\t\t\t\t\t\t\t\t\t\t\t<figure class=\"wp-caption\">\n\t\t\t\t\t\t\t\t\t\t<img decoding=\"async\" width=\"640\" height=\"360\" src=\"https:\/\/kikienvadrouille.com\/wp-content\/uploads\/2019\/02\/P8080612-1024x576.jpg\" class=\"attachment-large size-large wp-image-2545\" alt=\"\" srcset=\"https:\/\/kikienvadrouille.com\/wp-content\/uploads\/2019\/02\/P8080612-1024x576.jpg 1024w, https:\/\/kikienvadrouille.com\/wp-content\/uploads\/2019\/02\/P8080612-300x169.jpg 300w, https:\/\/kikienvadrouille.com\/wp-content\/uploads\/2019\/02\/P8080612-768x432.jpg 768w, https:\/\/kikienvadrouille.com\/wp-content\/uploads\/2019\/02\/P8080612-480x270.jpg 480w\" sizes=\"(max-width: 640px) 100vw, 640px\" \/>\t\t\t\t\t\t\t\t\t\t\t<figcaption class=\"widget-image-caption wp-caption-text\">Santa Clara de Tarapoto<\/figcaption>\n\t\t\t\t\t\t\t\t\t\t<\/figure>\n\t\t\t\t\t\t\t\t\t<\/div>\n\t\t\t\t<\/div>\n\t\t\t\t<div class=\"elementor-element elementor-element-594e169 elementor-widget elementor-widget-text-editor\" data-id=\"594e169\" data-element_type=\"widget\" data-e-type=\"widget\" data-widget_type=\"text-editor.default\">\n\t\t\t\t<div class=\"elementor-widget-container\">\n\t\t\t\t\t\t\t\t\t<p>Malgr\u00e9 tout, la dame au masato est fi\u00e8re de participer \u00e0 la conservation de sa langue native. <strong>Elle d\u00e9cide de m\u2019en apprendre quelques mots<\/strong> (dont je n\u2019ai aucune id\u00e9e de l\u2019orthographe latinis\u00e9, retranscription faite \u00e0 l\u2019oreille donc) : \u00ab\u00a0Noumae\u00a0\u00bb veut dire \u00ab\u00a0Bonjour\u00a0\u00bb, \u00ab\u00a0Nouama\u00a0\u00bb \u00ab\u00a0Au revoir\u00a0\u00bb, \u00ab\u00a0Toiunigo\u00a0\u00bb \u00ab\u00a0\u00c0 demain\u00a0\u00bb. Dans sa bouche, ces mots produisent des sons harmonieux !<\/p>\t\t\t\t\t\t\t\t<\/div>\n\t\t\t\t<\/div>\n\t\t\t\t<div class=\"elementor-element elementor-element-e8556d9 elementor-widget elementor-widget-text-editor\" data-id=\"e8556d9\" data-element_type=\"widget\" data-e-type=\"widget\" data-widget_type=\"text-editor.default\">\n\t\t\t\t<div class=\"elementor-widget-container\">\n\t\t\t\t\t\t\t\t\t<p>Ne voulant cependant pas plus abuser de son hospitalit\u00e9, je la remercie de sa gentillesse et lui dit au revoir avant de continuer ma balade dans le village. Je m\u2019essaye maladroitement au Ticuna\u00a0: \u00ab\u00a0Nouama Se\u00f1ora\u00a0\u00bb !<\/p><p style=\"text-align: center;\"><span style=\"font-family: Petrona, 'source sans'; text-align: center;\">***************<\/span><\/p>\t\t\t\t\t\t\t\t<\/div>\n\t\t\t\t<\/div>\n\t\t\t\t\t<\/div>\n\t\t<\/div>\n\t\t\t\t\t<\/div>\n\t\t<\/section>\n\t\t\t\t<section class=\"elementor-section elementor-top-section elementor-element elementor-element-ad3807e elementor-section-boxed elementor-section-height-default elementor-section-height-default\" data-id=\"ad3807e\" data-element_type=\"section\" data-e-type=\"section\">\n\t\t\t\t\t\t<div class=\"elementor-container elementor-column-gap-default\">\n\t\t\t\t\t<div class=\"elementor-column elementor-col-100 elementor-top-column elementor-element elementor-element-2b1261c\" data-id=\"2b1261c\" data-element_type=\"column\" data-e-type=\"column\">\n\t\t\t<div class=\"elementor-widget-wrap elementor-element-populated\">\n\t\t\t\t\t\t<div class=\"elementor-element elementor-element-21dd114 elementor-widget elementor-widget-heading\" data-id=\"21dd114\" data-element_type=\"widget\" data-e-type=\"widget\" data-widget_type=\"heading.default\">\n\t\t\t\t<div class=\"elementor-widget-container\">\n\t\t\t\t\t<h2 class=\"elementor-heading-title elementor-size-default\">Jos\u00e9 et \"El tigre\"<\/h2>\t\t\t\t<\/div>\n\t\t\t\t<\/div>\n\t\t\t\t\t<\/div>\n\t\t<\/div>\n\t\t\t\t\t<\/div>\n\t\t<\/section>\n\t\t\t\t<section class=\"elementor-section elementor-top-section elementor-element elementor-element-f6d6c2c elementor-section-boxed elementor-section-height-default elementor-section-height-default\" data-id=\"f6d6c2c\" data-element_type=\"section\" data-e-type=\"section\">\n\t\t\t\t\t\t<div class=\"elementor-container elementor-column-gap-default\">\n\t\t\t\t\t<div class=\"elementor-column elementor-col-100 elementor-top-column elementor-element elementor-element-8328726\" data-id=\"8328726\" data-element_type=\"column\" data-e-type=\"column\">\n\t\t\t<div class=\"elementor-widget-wrap elementor-element-populated\">\n\t\t\t\t\t\t<div class=\"elementor-element elementor-element-f85fb31 elementor-widget elementor-widget-image\" data-id=\"f85fb31\" data-element_type=\"widget\" data-e-type=\"widget\" data-widget_type=\"image.default\">\n\t\t\t\t<div class=\"elementor-widget-container\">\n\t\t\t\t\t\t\t\t\t\t\t\t\t\t\t<img decoding=\"async\" width=\"640\" height=\"480\" src=\"https:\/\/kikienvadrouille.com\/wp-content\/uploads\/2019\/02\/P8080616.jpg\" class=\"attachment-large size-large wp-image-2553\" alt=\"\" \/>\t\t\t\t\t\t\t\t\t\t\t\t\t\t\t<\/div>\n\t\t\t\t<\/div>\n\t\t\t\t\t<\/div>\n\t\t<\/div>\n\t\t\t\t\t<\/div>\n\t\t<\/section>\n\t\t\t\t<section class=\"elementor-section elementor-top-section elementor-element elementor-element-9139586 elementor-section-boxed elementor-section-height-default elementor-section-height-default\" data-id=\"9139586\" data-element_type=\"section\" data-e-type=\"section\">\n\t\t\t\t\t\t<div class=\"elementor-container elementor-column-gap-default\">\n\t\t\t\t\t<div class=\"elementor-column elementor-col-100 elementor-top-column elementor-element elementor-element-45bb68b\" data-id=\"45bb68b\" data-element_type=\"column\" data-e-type=\"column\">\n\t\t\t<div class=\"elementor-widget-wrap elementor-element-populated\">\n\t\t\t\t\t\t<div class=\"elementor-element elementor-element-c4f4b72 elementor-widget elementor-widget-text-editor\" data-id=\"c4f4b72\" data-element_type=\"widget\" data-e-type=\"widget\" data-widget_type=\"text-editor.default\">\n\t\t\t\t<div class=\"elementor-widget-container\">\n\t\t\t\t\t\t\t\t\t<p>Jos\u00e9 m&rsquo;a \u00e9t\u00e9 pr\u00e9sent\u00e9 par l&rsquo;interm\u00e9diaire de F\u00e9lix, notre guide de Puerto Nari\u00f1o.<\/p>\t\t\t\t\t\t\t\t<\/div>\n\t\t\t\t<\/div>\n\t\t\t\t<div class=\"elementor-element elementor-element-001ffea elementor-widget elementor-widget-text-editor\" data-id=\"001ffea\" data-element_type=\"widget\" data-e-type=\"widget\" data-widget_type=\"text-editor.default\">\n\t\t\t\t<div class=\"elementor-widget-container\">\n\t\t\t\t\t\t\t\t\t<p><strong>Tr\u00e8s sociable et bavard, il m&rsquo;a accueilli dans sa maison en pilotis o\u00f9 nous avons partag\u00e9\u2026 une bi\u00e8re<\/strong> (en canette, pas le Masato puisque j\u2019arrive deux jours trop t\u00f4t)\u00a0!\u00a0<\/p>\t\t\t\t\t\t\t\t<\/div>\n\t\t\t\t<\/div>\n\t\t\t\t<section class=\"elementor-section elementor-inner-section elementor-element elementor-element-f6ab259 elementor-section-boxed elementor-section-height-default elementor-section-height-default\" data-id=\"f6ab259\" data-element_type=\"section\" data-e-type=\"section\">\n\t\t\t\t\t\t<div class=\"elementor-container elementor-column-gap-default\">\n\t\t\t\t\t<div class=\"elementor-column elementor-col-50 elementor-inner-column elementor-element elementor-element-4fa7dda\" data-id=\"4fa7dda\" data-element_type=\"column\" data-e-type=\"column\">\n\t\t\t<div class=\"elementor-widget-wrap elementor-element-populated\">\n\t\t\t\t\t\t<div class=\"elementor-element elementor-element-a61d9db elementor-view-default elementor-widget elementor-widget-icon\" data-id=\"a61d9db\" data-element_type=\"widget\" data-e-type=\"widget\" data-widget_type=\"icon.default\">\n\t\t\t\t<div class=\"elementor-widget-container\">\n\t\t\t\t\t\t\t<div class=\"elementor-icon-wrapper\">\n\t\t\t<div class=\"elementor-icon\">\n\t\t\t\t\t\t\t<i class=\"fa fa-quote-right\" aria-hidden=\"true\"><\/i>\n\t\t\t\t\t\t<\/div>\n\t\t<\/div>\n\t\t\t\t\t\t<\/div>\n\t\t\t\t<\/div>\n\t\t\t\t\t<\/div>\n\t\t<\/div>\n\t\t\t\t<div class=\"elementor-column elementor-col-50 elementor-inner-column elementor-element elementor-element-c20432f\" data-id=\"c20432f\" data-element_type=\"column\" data-e-type=\"column\">\n\t\t\t<div class=\"elementor-widget-wrap elementor-element-populated\">\n\t\t\t\t\t\t<div class=\"elementor-element elementor-element-3ba9d02 elementor-widget elementor-widget-text-editor\" data-id=\"3ba9d02\" data-element_type=\"widget\" data-e-type=\"widget\" data-widget_type=\"text-editor.default\">\n\t\t\t\t<div class=\"elementor-widget-container\">\n\t\t\t\t\t\t\t\t\t<blockquote><p>Me voyant intrigu\u00e9e et amus\u00e9e par le r\u00e9cit tr\u00e8s expressif qu\u2019il m\u2019en fait, il poursuit en me mimant comment le \u00ab\u00a0tigre\u00a0\u00bb attrape ses proies.\u00a0Pour cela, il m\u2019utilise comme app\u00e2t !<\/p><\/blockquote>\t\t\t\t\t\t\t\t<\/div>\n\t\t\t\t<\/div>\n\t\t\t\t\t<\/div>\n\t\t<\/div>\n\t\t\t\t\t<\/div>\n\t\t<\/section>\n\t\t\t\t<div class=\"elementor-element elementor-element-09e10cf elementor-widget elementor-widget-text-editor\" data-id=\"09e10cf\" data-element_type=\"widget\" data-e-type=\"widget\" data-widget_type=\"text-editor.default\">\n\t\t\t\t<div class=\"elementor-widget-container\">\n\t\t\t\t\t\t\t\t\t<p><strong>Jos\u00e9 \u00e0 78 ans et 10 enfants.<\/strong> Si ses cheveux longs sont encore d\u2019un noir intense, son visage sillonn\u00e9 de creux et de cicatrices, son \u0153il gauche ferm\u00e9, et sa peau d\u00e9tendue trahissent son \u00e2ge. Ses traits physiques r\u00e9v\u00e8lent aussi ses origines ticuna.<\/p>\t\t\t\t\t\t\t\t<\/div>\n\t\t\t\t<\/div>\n\t\t\t\t<div class=\"elementor-element elementor-element-e7f2f1c elementor-widget elementor-widget-text-editor\" data-id=\"e7f2f1c\" data-element_type=\"widget\" data-e-type=\"widget\" data-widget_type=\"text-editor.default\">\n\t\t\t\t<div class=\"elementor-widget-container\">\n\t\t\t\t\t\t\t\t\t<p>Ici \u00e0 Santa Clara, <strong>il est h\u00e9berg\u00e9 par sa fille, chez qui il reste durant 2-3 mois \u00e0 l\u2019ann\u00e9e<\/strong>. Le reste du temps, il vit \u00e0 Tabatinga, du c\u00f4t\u00e9 br\u00e9silien du fleuve Amazone. Il me raconte que, l\u00e0-bas, il vit seul\u00a0: sa femme est partie avec un autre homme et ses autres enfants vivent loin, \u00e0 Santa Marta et Bogota en Colombie, et \u00e0 Tarapoto au P\u00e9rou.<\/p>\t\t\t\t\t\t\t\t<\/div>\n\t\t\t\t<\/div>\n\t\t\t\t<div class=\"elementor-element elementor-element-a0aad33 elementor-widget elementor-widget-text-editor\" data-id=\"a0aad33\" data-element_type=\"widget\" data-e-type=\"widget\" data-widget_type=\"text-editor.default\">\n\t\t\t\t<div class=\"elementor-widget-container\">\n\t\t\t\t\t\t\t\t\t<p>Jos\u00e9 m\u2019explique qu\u2019il a offert \u00e0 sa fille d\u2019ici un petit commerce lui permettant de vendre des habits et des produits de premi\u00e8res n\u00e9cessit\u00e9s aux habitants du village. Il a pu lui offrir cette \u00e9choppe avec l\u2019argent des aides que l\u2019Etat br\u00e9silien lui verse. Lui vit principalement de p\u00eache.<\/p>\t\t\t\t\t\t\t\t<\/div>\n\t\t\t\t<\/div>\n\t\t\t\t<div class=\"elementor-element elementor-element-16ec3ff elementor-widget elementor-widget-text-editor\" data-id=\"16ec3ff\" data-element_type=\"widget\" data-e-type=\"widget\" data-widget_type=\"text-editor.default\">\n\t\t\t\t<div class=\"elementor-widget-container\">\n\t\t\t\t\t\t\t\t\t<p>Mais <strong>Jos\u00e9 me confie son r\u00eave\u00a0: monter lui-m\u00eame sa propre \u00ab\u00a0tienda\u00a0\u00bb (sup\u00e9rette) dans sa ville du Br\u00e9sil<\/strong>, afin de vendre son poisson mais aussi des v\u00eatements, du sucre, et d\u2019autres produits.<\/p>\t\t\t\t\t\t\t\t<\/div>\n\t\t\t\t<\/div>\n\t\t\t\t<div class=\"elementor-element elementor-element-80543a2 elementor-widget elementor-widget-text-editor\" data-id=\"80543a2\" data-element_type=\"widget\" data-e-type=\"widget\" data-widget_type=\"text-editor.default\">\n\t\t\t\t<div class=\"elementor-widget-container\">\n\t\t\t\t\t\t\t\t\t<p>En vrai moulin \u00e0 paroles, il aime aussi me conter des anecdotes.<\/p>\t\t\t\t\t\t\t\t<\/div>\n\t\t\t\t<\/div>\n\t\t\t\t<div class=\"elementor-element elementor-element-7de64ce elementor-widget elementor-widget-text-editor\" data-id=\"7de64ce\" data-element_type=\"widget\" data-e-type=\"widget\" data-widget_type=\"text-editor.default\">\n\t\t\t\t<div class=\"elementor-widget-container\">\n\t\t\t\t\t\t\t\t\t<p>Il me raconte d\u2019abord, qu\u2019<strong>un jour, un jeune argentin un peu fou est arriv\u00e9 jusqu\u2019\u00e0 son village en pirogue<\/strong>. Il est venu depuis le P\u00e9rou. Sa m\u00e8re inqui\u00e8te (elle avait semble-t-il alert\u00e9 la Police en l\u2019absence de ses nouvelles), l\u2019argentin a finalement d\u00e9cid\u00e9 de rentrer \u00e0 Buenos Aires. Avant de partir, il confia sa pirogue \u00e0 Jos\u00e9 en lui disant qu\u2019il pouvait la vendre s\u2019il le souhaitait. Le jeune homme lui dit n\u00e9anmoins qu\u2019il reviendra le voir dans 3 mois et que, s\u2019il n\u2019a pas vendu l\u2019embarcation d\u2019ici-l\u00e0, alors il la reprendra pour continuer son voyage. Jos\u00e9 l\u2019a attendu mais l\u2019argentin n\u2019est jamais reparu.<\/p>\t\t\t\t\t\t\t\t<\/div>\n\t\t\t\t<\/div>\n\t\t\t\t<div class=\"elementor-element elementor-element-a10a156 elementor-widget elementor-widget-image\" data-id=\"a10a156\" data-element_type=\"widget\" data-e-type=\"widget\" data-widget_type=\"image.default\">\n\t\t\t\t<div class=\"elementor-widget-container\">\n\t\t\t\t\t\t\t\t\t\t\t\t<figure class=\"wp-caption\">\n\t\t\t\t\t\t\t\t\t\t<img loading=\"lazy\" decoding=\"async\" width=\"640\" height=\"480\" src=\"https:\/\/kikienvadrouille.com\/wp-content\/uploads\/2019\/02\/P8080611-1024x768.jpg\" class=\"attachment-large size-large wp-image-2547\" alt=\"\" srcset=\"https:\/\/kikienvadrouille.com\/wp-content\/uploads\/2019\/02\/P8080611-1024x768.jpg 1024w, https:\/\/kikienvadrouille.com\/wp-content\/uploads\/2019\/02\/P8080611-300x225.jpg 300w, https:\/\/kikienvadrouille.com\/wp-content\/uploads\/2019\/02\/P8080611-768x576.jpg 768w, https:\/\/kikienvadrouille.com\/wp-content\/uploads\/2019\/02\/P8080611-360x270.jpg 360w\" sizes=\"(max-width: 640px) 100vw, 640px\" \/>\t\t\t\t\t\t\t\t\t\t\t<figcaption class=\"widget-image-caption wp-caption-text\">Notre pirogue en direction du village<\/figcaption>\n\t\t\t\t\t\t\t\t\t\t<\/figure>\n\t\t\t\t\t\t\t\t\t<\/div>\n\t\t\t\t<\/div>\n\t\t\t\t<div class=\"elementor-element elementor-element-5293df9 elementor-widget elementor-widget-text-editor\" data-id=\"5293df9\" data-element_type=\"widget\" data-e-type=\"widget\" data-widget_type=\"text-editor.default\">\n\t\t\t\t<div class=\"elementor-widget-container\">\n\t\t\t\t\t\t\t\t\t<p><strong>Il me raconte ensuite sa rencontre avec le jaguar (le \u00ab\u00a0tigre\u00a0\u00bb comme les locaux l&rsquo;appellent ici)<\/strong>. Anim\u00e9 par ses souvenirs, ces mots passionn\u00e9s s\u2019accompagnent de gestes mis en sc\u00e8ne pour me d\u00e9peindre les moindres d\u00e9tails de ce face-\u00e0-face incroyable\u00a0!<\/p>\t\t\t\t\t\t\t\t<\/div>\n\t\t\t\t<\/div>\n\t\t\t\t<div class=\"elementor-element elementor-element-414d1ab elementor-widget elementor-widget-text-editor\" data-id=\"414d1ab\" data-element_type=\"widget\" data-e-type=\"widget\" data-widget_type=\"text-editor.default\">\n\t\t\t\t<div class=\"elementor-widget-container\">\n\t\t\t\t\t\t\t\t\t<p>Me voyant intrigu\u00e9e et amus\u00e9e par le r\u00e9cit tr\u00e8s expressif qu\u2019il m\u2019en fait, il poursuit en me mimant comment le \u00ab\u00a0tigre\u00a0\u00bb attrape ses proies.<strong> Pour cela, il m\u2019utilise comme app\u00e2t !<\/strong><\/p>\t\t\t\t\t\t\t\t<\/div>\n\t\t\t\t<\/div>\n\t\t\t\t<div class=\"elementor-element elementor-element-f0a199c elementor-widget elementor-widget-text-editor\" data-id=\"f0a199c\" data-element_type=\"widget\" data-e-type=\"widget\" data-widget_type=\"text-editor.default\">\n\t\t\t\t<div class=\"elementor-widget-container\">\n\t\t\t\t\t\t\t\t\t<p>Ce moment bien comique fut cl\u00f4tur\u00e9 par le retour de p\u00eache de F\u00e9lix et des deux voyageurs, <strong>c\u2019est en effet l\u2019heure de rentrer \u00e0 Puerto Nari\u00f1o<\/strong>. Je dis au revoir \u00e0 Jos\u00e9 et, m\u00eame si je ne m\u2019efforce de ne pas lui promettre, comme l\u2019Argentin, que je reviendrais le voir un jour dans ce petit village amazonien, je souhaite au fond de moi le recroiser et l\u2019entendre dire que son r\u00eave d\u2019\u00e9choppe s\u2019est enfin r\u00e9alis\u00e9.<\/p>\t\t\t\t\t\t\t\t<\/div>\n\t\t\t\t<\/div>\n\t\t\t\t\t<\/div>\n\t\t<\/div>\n\t\t\t\t\t<\/div>\n\t\t<\/section>\n\t\t\t\t<section class=\"elementor-section elementor-top-section elementor-element elementor-element-d77e78e elementor-section-boxed elementor-section-height-default elementor-section-height-default\" data-id=\"d77e78e\" data-element_type=\"section\" data-e-type=\"section\">\n\t\t\t\t\t\t<div class=\"elementor-container elementor-column-gap-default\">\n\t\t\t\t\t<div class=\"elementor-column elementor-col-100 elementor-top-column elementor-element elementor-element-5a35baf\" data-id=\"5a35baf\" data-element_type=\"column\" data-e-type=\"column\">\n\t\t\t<div class=\"elementor-widget-wrap elementor-element-populated\">\n\t\t\t\t\t\t<div class=\"elementor-element elementor-element-6c733fc elementor-widget elementor-widget-image\" data-id=\"6c733fc\" data-element_type=\"widget\" data-e-type=\"widget\" data-widget_type=\"image.default\">\n\t\t\t\t<div class=\"elementor-widget-container\">\n\t\t\t\t\t\t\t\t\t\t\t\t<figure class=\"wp-caption\">\n\t\t\t\t\t\t\t\t\t\t<img loading=\"lazy\" decoding=\"async\" width=\"640\" height=\"480\" src=\"https:\/\/kikienvadrouille.com\/wp-content\/uploads\/2019\/02\/P8080614-1024x768.jpg\" class=\"attachment-large size-large wp-image-2546\" alt=\"\" srcset=\"https:\/\/kikienvadrouille.com\/wp-content\/uploads\/2019\/02\/P8080614-1024x768.jpg 1024w, https:\/\/kikienvadrouille.com\/wp-content\/uploads\/2019\/02\/P8080614-300x225.jpg 300w, https:\/\/kikienvadrouille.com\/wp-content\/uploads\/2019\/02\/P8080614-768x576.jpg 768w, https:\/\/kikienvadrouille.com\/wp-content\/uploads\/2019\/02\/P8080614-360x270.jpg 360w\" sizes=\"(max-width: 640px) 100vw, 640px\" \/>\t\t\t\t\t\t\t\t\t\t\t<figcaption class=\"widget-image-caption wp-caption-text\">Avec Jos\u00e9 !<\/figcaption>\n\t\t\t\t\t\t\t\t\t\t<\/figure>\n\t\t\t\t\t\t\t\t\t<\/div>\n\t\t\t\t<\/div>\n\t\t\t\t\t<\/div>\n\t\t<\/div>\n\t\t\t\t\t<\/div>\n\t\t<\/section>\n\t\t\t\t<section class=\"elementor-section elementor-top-section elementor-element elementor-element-32ce4c9 elementor-section-boxed elementor-section-height-default elementor-section-height-default\" data-id=\"32ce4c9\" data-element_type=\"section\" data-e-type=\"section\">\n\t\t\t\t\t\t<div class=\"elementor-container elementor-column-gap-default\">\n\t\t\t\t\t<div class=\"elementor-column elementor-col-100 elementor-top-column elementor-element elementor-element-53642ce\" data-id=\"53642ce\" data-element_type=\"column\" data-e-type=\"column\">\n\t\t\t<div class=\"elementor-widget-wrap elementor-element-populated\">\n\t\t\t\t\t\t<div class=\"elementor-element elementor-element-62a3880 elementor-view-default elementor-widget elementor-widget-icon\" data-id=\"62a3880\" data-element_type=\"widget\" data-e-type=\"widget\" data-widget_type=\"icon.default\">\n\t\t\t\t<div class=\"elementor-widget-container\">\n\t\t\t\t\t\t\t<div class=\"elementor-icon-wrapper\">\n\t\t\t<div class=\"elementor-icon\">\n\t\t\t\t\t\t\t<i class=\"fa fa-eye\" aria-hidden=\"true\"><\/i>\n\t\t\t\t\t\t<\/div>\n\t\t<\/div>\n\t\t\t\t\t\t<\/div>\n\t\t\t\t<\/div>\n\t\t\t\t\t<\/div>\n\t\t<\/div>\n\t\t\t\t\t<\/div>\n\t\t<\/section>\n\t\t\t\t<section class=\"elementor-section elementor-top-section elementor-element elementor-element-0f8c87b elementor-section-boxed elementor-section-height-default elementor-section-height-default\" data-id=\"0f8c87b\" data-element_type=\"section\" data-e-type=\"section\">\n\t\t\t\t\t\t<div class=\"elementor-container elementor-column-gap-default\">\n\t\t\t\t\t<div class=\"elementor-column elementor-col-100 elementor-top-column elementor-element elementor-element-f3c2336\" data-id=\"f3c2336\" data-element_type=\"column\" data-e-type=\"column\">\n\t\t\t<div class=\"elementor-widget-wrap elementor-element-populated\">\n\t\t\t\t\t\t<div class=\"elementor-element elementor-element-1f8f9bc elementor-widget elementor-widget-heading\" data-id=\"1f8f9bc\" data-element_type=\"widget\" data-e-type=\"widget\" data-widget_type=\"heading.default\">\n\t\t\t\t<div class=\"elementor-widget-container\">\n\t\t\t\t\t<h2 class=\"elementor-heading-title elementor-size-default\">Pour aller plus loin\u2026 <br><br><b>Qui sont les autochtones Ticuna ?<\/b> <\/h2>\t\t\t\t<\/div>\n\t\t\t\t<\/div>\n\t\t\t\t\t<\/div>\n\t\t<\/div>\n\t\t\t\t\t<\/div>\n\t\t<\/section>\n\t\t\t\t<section class=\"elementor-section elementor-top-section elementor-element elementor-element-c2f6d51 elementor-section-boxed elementor-section-height-default elementor-section-height-default\" data-id=\"c2f6d51\" data-element_type=\"section\" data-e-type=\"section\">\n\t\t\t\t\t\t<div class=\"elementor-container elementor-column-gap-default\">\n\t\t\t\t\t<div class=\"elementor-column elementor-col-100 elementor-top-column elementor-element elementor-element-6ce2f57\" data-id=\"6ce2f57\" data-element_type=\"column\" data-e-type=\"column\">\n\t\t\t<div class=\"elementor-widget-wrap elementor-element-populated\">\n\t\t\t\t\t\t<div class=\"elementor-element elementor-element-e4e3b29 elementor-widget elementor-widget-toggle\" data-id=\"e4e3b29\" data-element_type=\"widget\" data-e-type=\"widget\" data-widget_type=\"toggle.default\">\n\t\t\t\t<div class=\"elementor-widget-container\">\n\t\t\t\t\t\t\t<div class=\"elementor-toggle\">\n\t\t\t\t\t\t\t<div class=\"elementor-toggle-item\">\n\t\t\t\t\t<div id=\"elementor-tab-title-2401\" class=\"elementor-tab-title\" data-tab=\"1\" role=\"button\" aria-controls=\"elementor-tab-content-2401\" aria-expanded=\"false\">\n\t\t\t\t\t\t\t\t\t\t\t\t<span class=\"elementor-toggle-icon elementor-toggle-icon-left\" aria-hidden=\"true\">\n\t\t\t\t\t\t\t\t\t\t\t\t\t\t\t<span class=\"elementor-toggle-icon-closed\"><i class=\"fas fa-caret-right\"><\/i><\/span>\n\t\t\t\t\t\t\t\t<span class=\"elementor-toggle-icon-opened\"><i class=\"elementor-toggle-icon-opened fas fa-caret-up\"><\/i><\/span>\n\t\t\t\t\t\t\t\t\t\t\t\t\t<\/span>\n\t\t\t\t\t\t\t\t\t\t\t\t<a class=\"elementor-toggle-title\" tabindex=\"0\">Localisation<\/a>\n\t\t\t\t\t<\/div>\n\n\t\t\t\t\t<div id=\"elementor-tab-content-2401\" class=\"elementor-tab-content elementor-clearfix\" data-tab=\"1\" role=\"region\" aria-labelledby=\"elementor-tab-title-2401\"><p style=\"text-align: justify;\">Il s\u2019agit d\u2019un peuple am\u00e9rindien vivant en Amazonie centrale, <b>aux fronti\u00e8res du Br\u00e9sil, du P\u00e9rou et de la Colombie<\/b>, ce que l\u2019on appelle le \u00ab\u00a0trap\u00e8ze amazonien\u00a0\u00bb.<\/p><\/div>\n\t\t\t\t<\/div>\n\t\t\t\t\t\t\t<div class=\"elementor-toggle-item\">\n\t\t\t\t\t<div id=\"elementor-tab-title-2402\" class=\"elementor-tab-title\" data-tab=\"2\" role=\"button\" aria-controls=\"elementor-tab-content-2402\" aria-expanded=\"false\">\n\t\t\t\t\t\t\t\t\t\t\t\t<span class=\"elementor-toggle-icon elementor-toggle-icon-left\" aria-hidden=\"true\">\n\t\t\t\t\t\t\t\t\t\t\t\t\t\t\t<span class=\"elementor-toggle-icon-closed\"><i class=\"fas fa-caret-right\"><\/i><\/span>\n\t\t\t\t\t\t\t\t<span class=\"elementor-toggle-icon-opened\"><i class=\"elementor-toggle-icon-opened fas fa-caret-up\"><\/i><\/span>\n\t\t\t\t\t\t\t\t\t\t\t\t\t<\/span>\n\t\t\t\t\t\t\t\t\t\t\t\t<a class=\"elementor-toggle-title\" tabindex=\"0\">D\u00e9mographie <\/a>\n\t\t\t\t\t<\/div>\n\n\t\t\t\t\t<div id=\"elementor-tab-content-2402\" class=\"elementor-tab-content elementor-clearfix\" data-tab=\"2\" role=\"region\" aria-labelledby=\"elementor-tab-title-2402\"><p style=\"text-align: justify;\">La communaut\u00e9 ticuna ne compte <b>plus que 30 000 individus sur l\u2019ensemble des trois pays o\u00f9 elle r\u00e9side<\/b>.<\/p><p style=\"text-align: justify;\">En Colombie &#8211; o\u00f9 j\u2019ai rencontr\u00e9 la dame et Jos\u00e9, 7 879 personnes se sont d\u00e9clar\u00e9es appartenir \u00e0 ce peuple en 2005, soit 0,02% de la population colombienne nationale. Le peuple ticuna vit, sans surprise, majoritairement dans le d\u00e9partement de l&rsquo;Amazonas (\u00e0 95,4%).<\/p><\/div>\n\t\t\t\t<\/div>\n\t\t\t\t\t\t\t<div class=\"elementor-toggle-item\">\n\t\t\t\t\t<div id=\"elementor-tab-title-2403\" class=\"elementor-tab-title\" data-tab=\"3\" role=\"button\" aria-controls=\"elementor-tab-content-2403\" aria-expanded=\"false\">\n\t\t\t\t\t\t\t\t\t\t\t\t<span class=\"elementor-toggle-icon elementor-toggle-icon-left\" aria-hidden=\"true\">\n\t\t\t\t\t\t\t\t\t\t\t\t\t\t\t<span class=\"elementor-toggle-icon-closed\"><i class=\"fas fa-caret-right\"><\/i><\/span>\n\t\t\t\t\t\t\t\t<span class=\"elementor-toggle-icon-opened\"><i class=\"elementor-toggle-icon-opened fas fa-caret-up\"><\/i><\/span>\n\t\t\t\t\t\t\t\t\t\t\t\t\t<\/span>\n\t\t\t\t\t\t\t\t\t\t\t\t<a class=\"elementor-toggle-title\" tabindex=\"0\">Origine du nom de peuple <\/a>\n\t\t\t\t\t<\/div>\n\n\t\t\t\t\t<div id=\"elementor-tab-content-2403\" class=\"elementor-tab-content elementor-clearfix\" data-tab=\"3\" role=\"region\" aria-labelledby=\"elementor-tab-title-2403\"><p style=\"text-align: justify;\">L\u2019ethnonyme\u00a0\u00ab\u00a0Ticuna\u00a0<strong>\u00bb<\/strong> a fait l\u2019objet de plusieurs interpr\u00e9tations autour de sa signification. Les plus concordantes d\u2019entre elles donnent pour sens<b> \u00ab\u00a0homme de noir\u00a0\u00bb ou \u00ab\u00a0corps noir\u00a0\u00bb<\/b>. Ce serait l\u2019appellation que leur donnaient leurs ennemis des ethnies Tup\u00ed (d\u00e9riv\u00e9 du mot tup\u00ed \u00ab\u00a0<em>taco-una<\/em>\u00bb). C\u2019est aussi la mani\u00e8re dont les Ticuna se voient et pensent eux-m\u00eames. Le mot fait <b>r\u00e9f\u00e9rence \u00e0 la coutume de cette ethnie de se peindre le corps d\u2019un pigment sombre naturel provenant de l\u2019arbre de la Genipa (<em>huito<\/em>). <\/b>Les Ticuna s\u2019autod\u00e9signent <em>du-ug\u00fb <\/em>dans leur langue, ce qui signifie \u00ab\u00a0les gens\u00a0\u00bb.<\/p><\/div>\n\t\t\t\t<\/div>\n\t\t\t\t\t\t\t<div class=\"elementor-toggle-item\">\n\t\t\t\t\t<div id=\"elementor-tab-title-2404\" class=\"elementor-tab-title\" data-tab=\"4\" role=\"button\" aria-controls=\"elementor-tab-content-2404\" aria-expanded=\"false\">\n\t\t\t\t\t\t\t\t\t\t\t\t<span class=\"elementor-toggle-icon elementor-toggle-icon-left\" aria-hidden=\"true\">\n\t\t\t\t\t\t\t\t\t\t\t\t\t\t\t<span class=\"elementor-toggle-icon-closed\"><i class=\"fas fa-caret-right\"><\/i><\/span>\n\t\t\t\t\t\t\t\t<span class=\"elementor-toggle-icon-opened\"><i class=\"elementor-toggle-icon-opened fas fa-caret-up\"><\/i><\/span>\n\t\t\t\t\t\t\t\t\t\t\t\t\t<\/span>\n\t\t\t\t\t\t\t\t\t\t\t\t<a class=\"elementor-toggle-title\" tabindex=\"0\">Langue <\/a>\n\t\t\t\t\t<\/div>\n\n\t\t\t\t\t<div id=\"elementor-tab-content-2404\" class=\"elementor-tab-content elementor-clearfix\" data-tab=\"4\" role=\"region\" aria-labelledby=\"elementor-tab-title-2404\"><p style=\"text-align: justify;\">L\u2019une des particularit\u00e9s de la langue Ticuna serait d\u2019\u00eatre ind\u00e9pendante de toute autre famille linguistique.<strong> Il s\u2019agit d\u2019un isolat, comme l\u2019est par exemple le basque en Europe.<\/strong><\/p><p style=\"text-align: justify;\">Aujourd&rsquo;hui, cette langue est en net recul. La majorit\u00e9 des Ticuna apprennent et parlent espagnol, avec <strong>un grand nombre de personnes monolingues espagnol.<\/strong> Seuls 15 % d\u2019entre eux sont parfaitement bilingues espagnol-ticuna. Une poign\u00e9e reste monolingue ticuna.<\/p><p style=\"text-align: justify;\">N\u00e9anmoins, un rapport \u00e9mis par le Minist\u00e8re de la Culture colombien en f\u00e9vrier 2010 r\u00e9v\u00e8le qu\u2019un peu plus de la moiti\u00e9 (56,6 %) de la population ticuna d\u2019Amazonas parle encore sa langue native. Pour le reste, 22,8 % de cette population la comprend et la parle partiellement (c\u2019est le cas dans le village de Santa Clara de Tarapoto) et 20 % de personnes sont incapables de la comprendre et de la parler. Aussi, <strong>seul un enfant sur cinq de moins de cinq ans parle sa langue native, ce qui laisse suspecter une rupture dans le processus de transmission linguistique g\u00e9n\u00e9rationnelle<\/strong>.<\/p><\/div>\n\t\t\t\t<\/div>\n\t\t\t\t\t\t\t<div class=\"elementor-toggle-item\">\n\t\t\t\t\t<div id=\"elementor-tab-title-2405\" class=\"elementor-tab-title\" data-tab=\"5\" role=\"button\" aria-controls=\"elementor-tab-content-2405\" aria-expanded=\"false\">\n\t\t\t\t\t\t\t\t\t\t\t\t<span class=\"elementor-toggle-icon elementor-toggle-icon-left\" aria-hidden=\"true\">\n\t\t\t\t\t\t\t\t\t\t\t\t\t\t\t<span class=\"elementor-toggle-icon-closed\"><i class=\"fas fa-caret-right\"><\/i><\/span>\n\t\t\t\t\t\t\t\t<span class=\"elementor-toggle-icon-opened\"><i class=\"elementor-toggle-icon-opened fas fa-caret-up\"><\/i><\/span>\n\t\t\t\t\t\t\t\t\t\t\t\t\t<\/span>\n\t\t\t\t\t\t\t\t\t\t\t\t<a class=\"elementor-toggle-title\" tabindex=\"0\">Economie<\/a>\n\t\t\t\t\t<\/div>\n\n\t\t\t\t\t<div id=\"elementor-tab-content-2405\" class=\"elementor-tab-content elementor-clearfix\" data-tab=\"5\" role=\"region\" aria-labelledby=\"elementor-tab-title-2405\"><p style=\"text-align: justify;\"><strong>Les Ticunas vivent majoritairement de p\u00eache, domaine dans lequel ils excellent<\/strong> (connaissances de la biologie d&rsquo;une centaine d&rsquo;esp\u00e8ces de poissons, ma\u00eetrise de diff\u00e9rentes m\u00e9thodes de p\u00eache, adaptation \u00e0 diff\u00e9rents environnements aquatiques tels que mangroves, lagunes, ruisseau ou grands fleuves).<\/p><p style=\"text-align: justify;\"><strong>Les Ticuna pratiquent aussi le br\u00fblis pour mettre en place des cultures agricoles.<\/strong> Par cette technique, ils s\u2019assurent un approvisionnement en <em>platano<\/em> (banane plantin), <em>yuka<\/em> (manioc), ma\u00efs, ananas, <em>camote<\/em> (sorte de patate douce), <em>achiote <\/em>(fruit contenant les pigments \u00e0 la base des teintures), tabac et de nombreuses autres denr\u00e9es qui varient selon la r\u00e9gion.<\/p><p style=\"text-align: justify;\"><strong> La chasse, la cueillette de fruits sauvages et, dans une moindre mesure aujourd\u2019hui, la vente d&rsquo;artisanat<\/strong> (bijoux, c\u00e9ramique&#8230;) font aussi partie de leurs activit\u00e9s \u00e9conomiques. Les cultures paysannes sont plut\u00f4t le fruit du travail des femmes, pendant que les hommes sont plut\u00f4t envoy\u00e9s \u00e0 la chasse ou \u00e0 la p\u00eache.<\/p><\/div>\n\t\t\t\t<\/div>\n\t\t\t\t\t\t\t<div class=\"elementor-toggle-item\">\n\t\t\t\t\t<div id=\"elementor-tab-title-2406\" class=\"elementor-tab-title\" data-tab=\"6\" role=\"button\" aria-controls=\"elementor-tab-content-2406\" aria-expanded=\"false\">\n\t\t\t\t\t\t\t\t\t\t\t\t<span class=\"elementor-toggle-icon elementor-toggle-icon-left\" aria-hidden=\"true\">\n\t\t\t\t\t\t\t\t\t\t\t\t\t\t\t<span class=\"elementor-toggle-icon-closed\"><i class=\"fas fa-caret-right\"><\/i><\/span>\n\t\t\t\t\t\t\t\t<span class=\"elementor-toggle-icon-opened\"><i class=\"elementor-toggle-icon-opened fas fa-caret-up\"><\/i><\/span>\n\t\t\t\t\t\t\t\t\t\t\t\t\t<\/span>\n\t\t\t\t\t\t\t\t\t\t\t\t<a class=\"elementor-toggle-title\" tabindex=\"0\">Culture et cosmologie<\/a>\n\t\t\t\t\t<\/div>\n\n\t\t\t\t\t<div id=\"elementor-tab-content-2406\" class=\"elementor-tab-content elementor-clearfix\" data-tab=\"6\" role=\"region\" aria-labelledby=\"elementor-tab-title-2406\"><p style=\"text-align: justify;\"><strong>La culture ticuna a \u00e9t\u00e9 fortement influenc\u00e9e et alt\u00e9r\u00e9e par son contact historique avec les colons europ\u00e9ens et m\u00e9tisses.<\/strong> Ainsi, les mythes traditionnels sont aujourd\u2019hui m\u00e9lang\u00e9s \u00e0 des \u00e9l\u00e9ments de la religion chr\u00e9tienne. Une des f\u00eates ticuna en est \u00e9loquente\u00a0: <strong>\u00ab\u00a0<em>la Fiesta de Y\u00fc\u00fcechiga<\/em>\u00bb<\/strong> est consacr\u00e9e \u00e0 la fois au \u00ab\u00a0p\u00e8re cr\u00e9ateur\u00a0\u00bb et aux <strong>h\u00e9ros culturels Yoi et Ipi<\/strong> (Yoi est un h\u00e9ros civilisateur qui a fait les gens, qui a cr\u00e9\u00e9 les lois et qui a fix\u00e9 les principaux \u00e9l\u00e9ments de la culture mat\u00e9rielle et sociale. Ipi est, lui, un h\u00e9ros d\u00e9sob\u00e9issant et obstin\u00e9, un symbole de d\u00e9sorganisation). Durant cette f\u00eate, les Ticuna remercient ces \u00eatres sacr\u00e9s de les avoir cr\u00e9\u00e9, de leur donner des bonnes r\u00e9coltes, la fertilit\u00e9 et l\u2019assurance de la continuit\u00e9 culturelle.<\/p><p style=\"text-align: justify;\"><strong>La culture ticuna met aussi un accent particulier sur la grossesse, l&rsquo;enfance et la pubert\u00e9.<\/strong> Elle est notamment marqu\u00e9e par un rituel de passage des filles \u00e0 l\u2019\u00e2ge adulte, <strong>\u00ab\u00a0<em>la Fiesta del Pelaz\u00f3n<\/em>\u00a0\u00bb<\/strong>. Il s\u2019agit de la deuxi\u00e8me seule f\u00eate \u00ab\u00a0survivante\u00a0\u00bb de leur culture ancestrale.<\/p><p style=\"text-align: justify;\"><strong>Dans le syst\u00e8me de repr\u00e9sentation Ticuna, la for\u00eat, les sources d\u2019eau, la faune et la flore ont une grande valeur symbolique.<\/strong> Le chaman, autorit\u00e9 r\u00e9gulatrice spirituelle, joue le r\u00f4le d\u2019entit\u00e9 interm\u00e9diaire entre la nature et de l\u2019\u00eatre humain. <\/p><\/div>\n\t\t\t\t<\/div>\n\t\t\t\t\t\t\t<div class=\"elementor-toggle-item\">\n\t\t\t\t\t<div id=\"elementor-tab-title-2407\" class=\"elementor-tab-title\" data-tab=\"7\" role=\"button\" aria-controls=\"elementor-tab-content-2407\" aria-expanded=\"false\">\n\t\t\t\t\t\t\t\t\t\t\t\t<span class=\"elementor-toggle-icon elementor-toggle-icon-left\" aria-hidden=\"true\">\n\t\t\t\t\t\t\t\t\t\t\t\t\t\t\t<span class=\"elementor-toggle-icon-closed\"><i class=\"fas fa-caret-right\"><\/i><\/span>\n\t\t\t\t\t\t\t\t<span class=\"elementor-toggle-icon-opened\"><i class=\"elementor-toggle-icon-opened fas fa-caret-up\"><\/i><\/span>\n\t\t\t\t\t\t\t\t\t\t\t\t\t<\/span>\n\t\t\t\t\t\t\t\t\t\t\t\t<a class=\"elementor-toggle-title\" tabindex=\"0\">Quelques \u00e9l\u00e9ments historiques et d\u2019actualit\u00e9\u2026<\/a>\n\t\t\t\t\t<\/div>\n\n\t\t\t\t\t<div id=\"elementor-tab-content-2407\" class=\"elementor-tab-content elementor-clearfix\" data-tab=\"7\" role=\"region\" aria-labelledby=\"elementor-tab-title-2407\"><ul><li style=\"text-align: justify;\"><strong><span style=\"color: #6ec1e4;\">Originellement<\/span>, les Ticuna \u00e9taient un peuple semi-nomade vivant sur les rives de l\u2019Amazonie<\/strong>. Les invasions des voisins indig\u00e8nes Tup\u00ed les ont contraints \u00e0 des d\u00e9placements vers les zones interfluviales.<\/li><\/ul><ul style=\"text-align: justify;\"><li><strong><span style=\"color: #6ec1e4;\">Aux XVII-XVIII<sup>\u00e8me<\/sup> si\u00e8cles<\/span>,<\/strong> <strong>les conqu\u00eates espagnole et br\u00e9silienne et l\u2019arriv\u00e9e des premiers missionnaires j\u00e9suites<\/strong>, ont oblig\u00e9 les Ticuna \u00e0 se r\u00e9installer en bordure de l&rsquo;Amazone et de ses affluents, ainsi que dans les lacs des basses terres. Aussi, leur localisation \u00e0 la fronti\u00e8re du Br\u00e9sil, du P\u00e9rou et de la Colombie n\u2019a pas jou\u00e9 en leur faveur\u00a0: la fr\u00e9quence des conflits avec d&rsquo;autres peuples autochtones voisins, les agressions ext\u00e9rieures des \u00ab\u00a0blancs\u00a0\u00bb des empires portugais et espagnol, et les \u00e9pid\u00e9mies apport\u00e9es par ces europ\u00e9ens <strong>ont d\u00e9cim\u00e9 la population ticuna<\/strong>. \u00c0 partir de cette p\u00e9riode-l\u00e0, <strong>leur histoire et leur culture seront fortement model\u00e9es par ces \u00e9v\u00e9nements de contacts avec les colons.<\/strong><\/li><\/ul><ul style=\"text-align: justify;\"><li><span style=\"color: #6ec1e4;\"><strong>\u00c0 partir du XIX\u00e8me si\u00e8cle et jusque dans les ann\u00e9es 70<\/strong><\/span>, les Ticunas sont<strong> r\u00e9duits \u00e0 l\u2019esclavage<\/strong> par les marchands colonisateurs qui les exploitent pour leurs entreprises extractives de ressources en\u00a0<strong>caoutchouc<\/strong>, tabac, farine, bois, \u2026 fournissant les soci\u00e9t\u00e9s europ\u00e9ennes. En raison de la baisse de la valeur commerciale du caoutchouc, les Ticuna se sont ensuite davantage impliqu\u00e9s dans la p\u00eache commerciale, dans l&rsquo;extraction du bois et dans l&rsquo;\u00e9levage du b\u00e9tail.<\/li><\/ul><ul style=\"text-align: justify;\"><li><span style=\"color: #6ec1e4;\"><strong>Au milieu du XX\u00e8me si\u00e8cle et jusqu\u2019aujourd\u2019hui<\/strong>, <span style=\"color: #000000;\"><strong>l\u2019expansion des missionnaires<\/strong><\/span><\/span> (en particulier \u00e9vang\u00e9listes) s\u2019est intensifi\u00e9e dans le Trap\u00e8ze amazonien, conduisant \u00e0 <strong>l\u2019interdiction de l\u2019usage de leur langue native et la participation \u00e0 leurs f\u00eates et rituels traditionnelles.<\/strong><\/li><\/ul><ul style=\"text-align: justify;\"><li><span style=\"color: #6ec1e4;\"><strong>De nos jours<\/strong><\/span>, les trois pays connexes ont, gr\u00e2ce \u00e0 des<strong> politiques assistancialistes sanitaires, \u00e9ducatives et \u00e9conomiques<\/strong>, permis la recr\u00e9ation de villages ticuna sur les rives et affluents de l\u2019Amazone (j\u2019en fus d\u2019ailleurs t\u00e9moin lors de mon passage \u00e0 Santa Clara\u00a0: pendant mes \u00e9changes avec Jos\u00e9, une femme du gouvernement est arriv\u00e9e au village pour fournir de la nourriture et des produits de premi\u00e8res n\u00e9cessit\u00e9s aux femmes avec enfants en bas \u00e2ge \u2013 Jos\u00e9 m\u2019explique que celle-ci vient une fois par mois).<\/li><\/ul><ul><li style=\"text-align: justify;\">Parall\u00e8lement \u00e0 ces programmes \u00e9tatiques, <strong><span style=\"color: #6ec1e4;\">depuis une trentaine d\u2019ann\u00e9es<\/span>, un processus de \u00ab\u00a0r\u00e9cup\u00e9ration\u00a0\u00bb de l\u2019identit\u00e9\u00a0indig\u00e8ne et de gouvernance autonome s\u2019est d\u00e9velopp\u00e9 dans la r\u00e9gion.<\/strong> Les autorit\u00e9s indig\u00e8nes locales se font repr\u00e9sent\u00e9es \u00e0 travers la mise en place de <strong>deux associations<\/strong>\u00a0: l\u2019Association des Autorit\u00e9s Traditionnelles de Tarapac\u00e1 Amazonas (ASOAINTAM) et l\u2019Association des Autorit\u00e9s Indig\u00e8nes de la R\u00e9serve Tikuna, Kokama, Yagua de Puerto Nari\u00f1o et Leticia (ATICOYA). Toutes deux sont d\u2019importants espaces de participation et de d\u00e9cision indig\u00e8ne. Elles sont \u00e0 l\u2019origine de l\u2019\u00e9laboration de deux <strong>\u00ab\u00a0Plans de Vie\u00a0\u00bb<\/strong>, instruments politiques dont l\u2019objet est de <strong>promouvoir un d\u00e9veloppement propre aux natifs de la<\/strong> <strong>r\u00e9gion,<\/strong> ainsi que le respect de leur culture et de leurs territoires. Les deux documents rendent compte d\u2019une grande partie des pratiques, de la cosmovision et des probl\u00e9matiques actuelles des peuples indig\u00e8nes de la r\u00e9gion (concernant notamment la sant\u00e9, les d\u00e9placements de populations d\u00fb \u00e0 la pr\u00e9sence r\u00e9siduelle de groupes arm\u00e9s colombiens, et les extractions de ressources naturelles sur leurs territoires ancestraux). Ces textes tendent par ailleurs \u00e0 <strong>revaloriser la place des femmes autochtones dans l\u2019\u00e9conomie locale et dans leur r\u00f4le social et familial<\/strong> (promotion de leur \u00ab\u00a0leardership\u00a0\u00bb).<\/li><\/ul><\/div>\n\t\t\t\t<\/div>\n\t\t\t\t\t\t\t\t<\/div>\n\t\t\t\t\t\t<\/div>\n\t\t\t\t<\/div>\n\t\t\t\t\t<\/div>\n\t\t<\/div>\n\t\t\t\t\t<\/div>\n\t\t<\/section>\n\t\t\t\t<section class=\"elementor-section elementor-top-section elementor-element elementor-element-075cdf4 elementor-section-boxed elementor-section-height-default elementor-section-height-default\" data-id=\"075cdf4\" data-element_type=\"section\" data-e-type=\"section\">\n\t\t\t\t\t\t<div class=\"elementor-container elementor-column-gap-default\">\n\t\t\t\t\t<div class=\"elementor-column elementor-col-100 elementor-top-column elementor-element elementor-element-444e6d5\" data-id=\"444e6d5\" data-element_type=\"column\" data-e-type=\"column\">\n\t\t\t<div class=\"elementor-widget-wrap elementor-element-populated\">\n\t\t\t\t\t\t<div class=\"elementor-element elementor-element-fe250b7 elementor-widget elementor-widget-spacer\" data-id=\"fe250b7\" data-element_type=\"widget\" data-e-type=\"widget\" data-widget_type=\"spacer.default\">\n\t\t\t\t<div class=\"elementor-widget-container\">\n\t\t\t\t\t\t\t<div class=\"elementor-spacer\">\n\t\t\t<div class=\"elementor-spacer-inner\"><\/div>\n\t\t<\/div>\n\t\t\t\t\t\t<\/div>\n\t\t\t\t<\/div>\n\t\t\t\t\t<\/div>\n\t\t<\/div>\n\t\t\t\t\t<\/div>\n\t\t<\/section>\n\t\t\t\t<section class=\"elementor-section elementor-top-section elementor-element elementor-element-e2cc6b0 elementor-section-boxed elementor-section-height-default elementor-section-height-default\" data-id=\"e2cc6b0\" data-element_type=\"section\" data-e-type=\"section\">\n\t\t\t\t\t\t<div class=\"elementor-container elementor-column-gap-default\">\n\t\t\t\t\t<div class=\"elementor-column elementor-col-100 elementor-top-column elementor-element elementor-element-5e28174\" data-id=\"5e28174\" data-element_type=\"column\" data-e-type=\"column\">\n\t\t\t<div class=\"elementor-widget-wrap elementor-element-populated\">\n\t\t\t\t\t\t<div class=\"elementor-element elementor-element-4e7b07e elementor-view-default elementor-widget elementor-widget-icon\" data-id=\"4e7b07e\" data-element_type=\"widget\" data-e-type=\"widget\" data-widget_type=\"icon.default\">\n\t\t\t\t<div class=\"elementor-widget-container\">\n\t\t\t\t\t\t\t<div class=\"elementor-icon-wrapper\">\n\t\t\t<div class=\"elementor-icon\">\n\t\t\t\t\t\t\t<i class=\"fa fa-book\" aria-hidden=\"true\"><\/i>\n\t\t\t\t\t\t<\/div>\n\t\t<\/div>\n\t\t\t\t\t\t<\/div>\n\t\t\t\t<\/div>\n\t\t\t\t\t<\/div>\n\t\t<\/div>\n\t\t\t\t\t<\/div>\n\t\t<\/section>\n\t\t\t\t<section class=\"elementor-section elementor-top-section elementor-element elementor-element-47d5f5b elementor-section-boxed elementor-section-height-default elementor-section-height-default\" data-id=\"47d5f5b\" data-element_type=\"section\" data-e-type=\"section\">\n\t\t\t\t\t\t<div class=\"elementor-container elementor-column-gap-default\">\n\t\t\t\t\t<div class=\"elementor-column elementor-col-100 elementor-top-column elementor-element elementor-element-f423b93\" data-id=\"f423b93\" data-element_type=\"column\" data-e-type=\"column\">\n\t\t\t<div class=\"elementor-widget-wrap elementor-element-populated\">\n\t\t\t\t\t\t<div class=\"elementor-element elementor-element-6eb1bfb elementor-widget elementor-widget-heading\" data-id=\"6eb1bfb\" data-element_type=\"widget\" data-e-type=\"widget\" data-widget_type=\"heading.default\">\n\t\t\t\t<div class=\"elementor-widget-container\">\n\t\t\t\t\t<h2 class=\"elementor-heading-title elementor-size-default\"><u>Sources<\/u><\/h2>\t\t\t\t<\/div>\n\t\t\t\t<\/div>\n\t\t\t\t\t<\/div>\n\t\t<\/div>\n\t\t\t\t\t<\/div>\n\t\t<\/section>\n\t\t\t\t<section class=\"elementor-section elementor-top-section elementor-element elementor-element-2f47ef0 elementor-section-boxed elementor-section-height-default elementor-section-height-default\" data-id=\"2f47ef0\" data-element_type=\"section\" data-e-type=\"section\">\n\t\t\t\t\t\t<div class=\"elementor-container elementor-column-gap-default\">\n\t\t\t\t\t<div class=\"elementor-column elementor-col-100 elementor-top-column elementor-element elementor-element-809f6b3\" data-id=\"809f6b3\" data-element_type=\"column\" data-e-type=\"column\">\n\t\t\t<div class=\"elementor-widget-wrap elementor-element-populated\">\n\t\t\t\t\t\t<div class=\"elementor-element elementor-element-e49adc5 elementor-widget elementor-widget-text-editor\" data-id=\"e49adc5\" data-element_type=\"widget\" data-e-type=\"widget\" data-widget_type=\"text-editor.default\">\n\t\t\t\t<div class=\"elementor-widget-container\">\n\t\t\t\t\t\t\t\t\t<ul><li>Echanges personnels avec les habitants de Santa Clara de Tarapoto en Colombie (Jos\u00e9 et \u00ab\u00a0la dame au masato\u00a0\u00bb)<\/li><li>Bellier I., Chaumeil J.-P., Goulard J.-P. 1994. <em>Gui\u0301a etnogra\u0301fica de la Alta Amazoni\u0301a<\/em>. Volumen I. Fernando Santos y Frederica Barclay editores. Quito, Ecuador.<\/li><li>Ministerio de Cultura, Rep\u00fablica de Colombia. 2010. <em>200 a\u00f1os &#8211; Cultura es Independencia. Tikuna, los hijos de Yoi e Ipi, y gente de tierra firme.<\/em><\/li><li>Vieco Juan Jose\u0301. 2014. <em>De\u0301veloppement et transformation sociale chez les Ticuna du trape\u0300ze amazonien<\/em>. Sous la direction de Jonathan Friedman. E\u0301cole des hautes e\u0301tudes en sciences sociales de Paris. Atelier national de reproduction des the\u0300ses, Lille.<\/li><li>Coco Magnanville (blog).<em> Le peuple Tikuna en Colombie.<\/em> Mis en ligne le 03\/10\/18. URL\u00a0: <a href=\"http:\/\/cocomagnanville.over-blog.com\/2018\/09\/le-peuple-tikuna-en-colombie.html\">http:\/\/cocomagnanville.over-blog.com\/2018\/09\/le-peuple-tikuna-en-colombie.html<\/a> (consult\u00e9 le 29.01.18)<\/li><li>Eliott Brachet. <em>Les peuples d\u2019Amazonie. Sous la canop\u00e9e, une rencontre avec les Tikuna, Huitoto et Makuna<\/em>. URL\u00a0: <a href=\"https:\/\/www.voyage-colombie.com\/amazonie\/les-peuples-d-amazonie.html\">https:\/\/www.voyage-colombie.com\/amazonie\/les-peuples-d-amazonie.html<\/a> (consult\u00e9 le 29.01.18)<\/li><\/ul>\t\t\t\t\t\t\t\t<\/div>\n\t\t\t\t<\/div>\n\t\t\t\t\t<\/div>\n\t\t<\/div>\n\t\t\t\t\t<\/div>\n\t\t<\/section>\n\t\t\t\t<\/div>\n\t\t","protected":false},"excerpt":{"rendered":"<p>Je vous pr\u00e9sente ici deux br\u00e8ves mais non moins enrichissantes rencontres faites en me rendant dans le petit village de Santa Clara de Tarapoto, en Amazonie colombienne.<br \/>\nCes rencontres se sont inscrites dans le cadre mon projet personnel de voyage d\u00e9di\u00e9 \u00e0 la mise en valeur des cultures indig\u00e8nes d&rsquo;Am\u00e9rique du Sud. <\/p>\n","protected":false},"author":1,"featured_media":2553,"comment_status":"open","ping_status":"closed","sticky":false,"template":"","format":"standard","meta":{"footnotes":""},"categories":[58,3],"tags":[101,100,95,94,96,98,93,91,97],"class_list":["post-2536","post","type-post","status-publish","format-standard","has-post-thumbnail","hentry","category-amerique-du-sud","category-portrait","tag-amazonie","tag-autochtonie","tag-colombie","tag-diversite-culturelle","tag-langue-autochtone","tag-natifs-damerique","tag-peuples-autochtones","tag-projet-personnel","tag-ticuna"],"_links":{"self":[{"href":"https:\/\/kikienvadrouille.com\/index.php?rest_route=\/wp\/v2\/posts\/2536","targetHints":{"allow":["GET"]}}],"collection":[{"href":"https:\/\/kikienvadrouille.com\/index.php?rest_route=\/wp\/v2\/posts"}],"about":[{"href":"https:\/\/kikienvadrouille.com\/index.php?rest_route=\/wp\/v2\/types\/post"}],"author":[{"embeddable":true,"href":"https:\/\/kikienvadrouille.com\/index.php?rest_route=\/wp\/v2\/users\/1"}],"replies":[{"embeddable":true,"href":"https:\/\/kikienvadrouille.com\/index.php?rest_route=%2Fwp%2Fv2%2Fcomments&post=2536"}],"version-history":[{"count":29,"href":"https:\/\/kikienvadrouille.com\/index.php?rest_route=\/wp\/v2\/posts\/2536\/revisions"}],"predecessor-version":[{"id":3749,"href":"https:\/\/kikienvadrouille.com\/index.php?rest_route=\/wp\/v2\/posts\/2536\/revisions\/3749"}],"wp:featuredmedia":[{"embeddable":true,"href":"https:\/\/kikienvadrouille.com\/index.php?rest_route=\/wp\/v2\/media\/2553"}],"wp:attachment":[{"href":"https:\/\/kikienvadrouille.com\/index.php?rest_route=%2Fwp%2Fv2%2Fmedia&parent=2536"}],"wp:term":[{"taxonomy":"category","embeddable":true,"href":"https:\/\/kikienvadrouille.com\/index.php?rest_route=%2Fwp%2Fv2%2Fcategories&post=2536"},{"taxonomy":"post_tag","embeddable":true,"href":"https:\/\/kikienvadrouille.com\/index.php?rest_route=%2Fwp%2Fv2%2Ftags&post=2536"}],"curies":[{"name":"wp","href":"https:\/\/api.w.org\/{rel}","templated":true}]}}