{"id":1392,"date":"2017-08-15T18:20:35","date_gmt":"2017-08-15T18:20:35","guid":{"rendered":"https:\/\/kikienvadrouilleblog.wordpress.com\/?p=1392"},"modified":"2019-05-24T14:34:08","modified_gmt":"2019-05-24T14:34:08","slug":"interview-daurelien-saget","status":"publish","type":"post","link":"https:\/\/kikienvadrouille.com\/?p=1392","title":{"rendered":"La Vie r\u00eav\u00e9e des Andes &#8211; Interview d\u2019Aur\u00e9lien SAGET, com\u00e9dien"},"content":{"rendered":"<blockquote>\n<p>\u00a0<\/p>\n<p style=\"text-align: justify;\"><strong><em>Attir\u00e9e comme un aimant par l\u2019Am\u00e9rique Latine et par le monde du th\u00e9\u00e2tre, quelle ne fut pas ma joie lorsque je d\u00e9couvre, fin 2016, qu\u2019un spectacle parisien raconte le Chili.<\/em><\/strong><\/p>\n<p style=\"text-align: justify;\"><strong><em>\u00ab\u00a0La vie r\u00eav\u00e9e des Andes\u00a0\u00bb, c\u2019est le nom du one-man-show d\u2019Aur\u00e9lien SAGET, mis en sc\u00e8ne par Alexandre FOULON.<\/em><\/strong><\/p>\n<p style=\"text-align: justify;\"><strong><em>Suite \u00e0 son spectacle, je n\u2019ai pas r\u00e9sist\u00e9 \u00e0 la tentation de contacter le com\u00e9dien.<\/em><\/strong><\/p>\n<p style=\"text-align: justify;\"><strong><em>Nous nous rencontrerons dans l\u2019un de mes caf\u00e9s pr\u00e9f\u00e9r\u00e9s de Paris.<\/em><\/strong><\/p>\n<p style=\"text-align: justify;\"><strong><em>Gastronomie \u00ab\u00a0di\u00e9t\u00e9tique\u00a0\u00bb, vie au Chili, gal\u00e8re de com\u00e9dien-metteur en sc\u00e8ne, vadrouille en Am\u00e9rique du sud, culture th\u00e9\u00e2trale chilienne, \u00e9criture\u2026 Retour sur nos \u00e9changes passionn\u00e9s autour d\u2019un th\u00e9 matcha.<\/em><\/strong><\/p>\n<\/blockquote>\n<p style=\"text-align: justify;\"><!--more--><\/p>\n<p style=\"text-align: justify;\">\u00a0<\/p>\n<p><img fetchpriority=\"high\" decoding=\"async\" class=\"aligncenter wp-image-2857 \" src=\"https:\/\/kikienvadrouille.com\/wp-content\/uploads\/2017\/08\/La-vie-r\u00eav\u00e9e-des-Andes.jpg\" alt=\"\" width=\"517\" height=\"730\" srcset=\"https:\/\/kikienvadrouille.com\/wp-content\/uploads\/2017\/08\/La-vie-r\u00eav\u00e9e-des-Andes.jpg 1191w, https:\/\/kikienvadrouille.com\/wp-content\/uploads\/2017\/08\/La-vie-r\u00eav\u00e9e-des-Andes-212x300.jpg 212w, https:\/\/kikienvadrouille.com\/wp-content\/uploads\/2017\/08\/La-vie-r\u00eav\u00e9e-des-Andes-768x1086.jpg 768w, https:\/\/kikienvadrouille.com\/wp-content\/uploads\/2017\/08\/La-vie-r\u00eav\u00e9e-des-Andes-724x1024.jpg 724w, https:\/\/kikienvadrouille.com\/wp-content\/uploads\/2017\/08\/La-vie-r\u00eav\u00e9e-des-Andes-191x270.jpg 191w\" sizes=\"(max-width: 517px) 100vw, 517px\" \/><\/p>\n<p style=\"text-align: justify;\"><em>J\u2019ai eu le plaisir d\u2019assister \u00e0 ce spectacle en d\u00e9cembre dernier, dans la charmante petite salle \u00ab \u00c0 la Folie th\u00e9\u00e2tre\u00a0\u00bb situ\u00e9e dans 11<sup>\u00e8me<\/sup> arrondissement.<\/em><\/p>\n<p style=\"text-align: justify;\"><em>Le speech\u00a0?<\/em><\/p>\n<p style=\"text-align: justify;\"><em>Aur\u00e9lien s\u2019envole pour le Chili sur les traces du fran\u00e7ais Antoine de Tounens, originaire du P\u00e9rigord, qui, selon une l\u00e9gende chilienne, serait devenu roi de Patagonie il y a 150 ans.<\/em><\/p>\n<p style=\"text-align: justify;\"><em>Accueilli dans le pays par un ami chilien, il rejoint sa troupe de th\u00e9\u00e2tre et monte une pi\u00e8ce de th\u00e9\u00e2tre dans laquelle il interpr\u00e8te lui-m\u00eame le roi de Patagonie.<\/em><\/p>\n<p style=\"text-align: justify;\"><em>Entre Santiago et Talca, coutumes locales et gastronomie, entre f\u00eates nationales et rencontres amoureuses, il est loin d\u2019imaginer les p\u00e9rip\u00e9ties qui l\u2019attendent\u2026<\/em><\/p>\n<hr \/>\n<p>\u00a0<\/p>\n<p style=\"text-align: justify;\">Ce que nous raconte Aur\u00e9lien est inspir\u00e9 de sa <strong>propre exp\u00e9rience de com\u00e9dien<\/strong>, dans ce pays \u00ab\u00a0qui ressemble \u00e0 une frite\u00a0\u00bb.<\/p>\n<p style=\"text-align: justify;\">Apr\u00e8s un voyage en compagnie de Jos\u00e9, steward de la Compagnie Air Lama, Aur\u00e9lien t\u00e9l\u00e9porte son public directement au Chili.<\/p>\n<p style=\"text-align: justify;\">Seul sur sc\u00e8ne, dans un d\u00e9cor minimaliste, le talent de ce jeune com\u00e9dien r\u00e9side dans sa capacit\u00e9 \u00e0 d\u00e9peindre des situations cocasses, hautes en couleur, \u00e0 travers des r\u00e9cits bien construits et <strong>des expressions th\u00e9\u00e2trales riches en images<\/strong>.<\/p>\n<p style=\"text-align: justify;\">En plus de l\u2019\u00e9nergie incroyable qui se d\u00e9gage de son spectacle, Aur\u00e9lien nous fait passer &#8211; avec une facilit\u00e9 d\u00e9concertante &#8211; d\u2019une \u00e9motion \u00e0 une autre, dans un m\u00e9lange de rires, de tendresse, d\u2019\u00e9tonnement, de choc des cultures, et d\u2019affection pour chacun des personnages qu\u2019il interpr\u00e8te merveilleusement.<\/p>\n<p style=\"text-align: justify;\">Vous l\u2019aurez compris, je suis sortie de ce spectacle enchant\u00e9e, avec, en prime, des connaissances sur le Chili et (il fallait s\u2019en douter) une tr\u00e8s forte envie de d\u00e9couvrir ce pays \u00e0 travers, notamment, ma passion pour le th\u00e9\u00e2tre.<\/p>\n<p style=\"text-align: justify;\">Pour ces raisons et tout naturellement, je proposais quelques semaines plus tard \u00e0 Aur\u00e9lien de nous rencontrer au Matcha caf\u00e9, l\u2019un de mes QG parisiens.<\/p>\n<p style=\"text-align: justify;\">Les yeux constell\u00e9s d\u2019\u00e9toiles, je n\u2019ai pas perdu une occasion de le questionner sur <strong>les multiples facettes de son exp\u00e9rience chilienne<\/strong>, ceci, dans la perspective d\u2019un propre voyage outre-Atlantique dont les contours restent encore \u00e0 affiner.<\/p>\n<hr \/>\n<p>\u00a0<\/p>\n<p style=\"text-align: justify;\"><span style=\"color: #000080;\"><strong><em>Bonjour Aur\u00e9lien, merci d\u2019avoir accept\u00e9 mon invitation\u00a0! <\/em><\/strong><\/span><\/p>\n<ul>\n<li style=\"text-align: justify;\"><span style=\"color: #000080;\"><strong><em>Tu es aujourd\u2019hui com\u00e9dien, peux-tu me parler de ton parcours professionnel ?<\/em><\/strong><\/span><\/li>\n<\/ul>\n<p style=\"text-align: justify;\">Apr\u00e8s un faux d\u00e9part en fac de droit, je me suis orient\u00e9 vers des \u00e9tudes th\u00e9\u00e2trales. J\u2019ai \u00e9tudi\u00e9 dans un Conservatoire parisien, que j\u2019ai int\u00e9gr\u00e9 apr\u00e8s un concours sur audition. Ma formation a dur\u00e9 3 ans.<\/p>\n<p style=\"text-align: justify;\">\u00c0 la sortie de mes \u00e9tudes, mon insertion professionnelle a \u00e9t\u00e9 difficile.<strong> L\u2019\u00e9cole ne nous pr\u00e9pare pas assez aux aspects pratico-pratiques du m\u00e9tier.<\/strong> J\u2019ai d\u00fb m\u2019initier moi-m\u00eame \u00e0 toutes les d\u00e9marches administratives, apprendre seul \u00e0 monter une structure, travailler la communication autour d\u2019un spectacle, etc.<\/p>\n<p style=\"text-align: justify;\">J\u2019ai encha\u00een\u00e9 les petits boulots puis un ami du conservatoire, Jos\u00e9, m\u2019a propos\u00e9 de jouer dans ses spectacles. Nous avons fait des tourn\u00e9es et <strong>j\u2019ai notamment eu l\u2019occasion de jouer \u00e0 Avignon<\/strong> dans sa pi\u00e8ce \u00ab\u00a0Neruda\u00a0\u00bb, inspir\u00e9 du film \u00ab\u00a0Il Postino\u00a0\u00bb avec Philippe Noiret, Massimo Troisi et Maria Garcia. L\u2019histoire raconte l\u2019amiti\u00e9 entre un facteur et Pablo Neruda, po\u00e8te exil\u00e9 du Chili. Ce dernier lui apprend l\u2019art de l\u2019\u00e9criture dans le but de s\u00e9duire la plus belle fille du village.<\/p>\n<p style=\"text-align: justify;\">Apr\u00e8s les tourn\u00e9es, je suis parti plusieurs fois au Chili dans un cadre professionnel. \u00c0 mon retour, j\u2019ai travaill\u00e9 comme r\u00e9ceptionniste et j\u2019ai planch\u00e9, en parall\u00e8le, sur de nouveaux projets artistiques. Mon actuel metteur en sc\u00e8ne, Alexandre FOULON, m\u2019a permis de travailler en tant que r\u00e9gisseur dans plusieurs th\u00e9\u00e2tres parisiens. J\u2019ai tout appris sur le tas. <strong>Aujourd\u2019hui, sur sc\u00e8ne comme derri\u00e8re les projecteurs, je peux me consacrer pleinement au th\u00e9\u00e2tre.<\/strong><\/p>\n<ul>\n<li style=\"text-align: justify;\"><span style=\"color: #000080;\"><strong><em>Peux-tu me parler de ton exp\u00e9rience chilienne\u00a0? Qu&rsquo;est ce qui t\u2019a d\u00e9cid\u00e9 \u00e0 partir ?<\/em><\/strong><\/span><\/li>\n<\/ul>\n<p style=\"text-align: justify;\">\u00c0 la fin de nos tourn\u00e9es, Jos\u00e9 m\u2019a propos\u00e9 de partir avec lui au Chili afin d\u2019y donner des ateliers de th\u00e9\u00e2tre. C\u2019est l\u00e0-bas, plus pr\u00e9cis\u00e9ment \u00e0 Talca, que j\u2019ai rencontr\u00e9 Tonio. \u00c0 mon arriv\u00e9e, celui-ci avait r\u00e9quisitionn\u00e9 toutes ses classes de coll\u00e8ge pour assister \u00e0 mes ateliers durant une semaine compl\u00e8te\u2026\u00a0!<\/p>\n<p style=\"text-align: justify;\">Pendant un mois,<strong> j\u2019ai conduit les ateliers dans toute la r\u00e9gion du Maule<\/strong>, \u00e0 300 km au sud de Santiago, puis je suis rentr\u00e9 en France.<\/p>\n<p style=\"text-align: justify;\">Gr\u00e2ce \u00e0 des accords culturels mis en place entre la r\u00e9gion Bourgogne et celle du Maule, nous avons pu accueillir Tonio et sa troupe pour une tourn\u00e9e de spectacle en France.<\/p>\n<p style=\"text-align: justify;\">\u00c0 notre tour, <strong>Jos\u00e9 et moi sommes repartis \u00e0 Talca afin de monter ensemble une troupe et un nouveau spectacle.<\/strong> Nous avons mis un mois pour monter le spectacle et nous avons ensuite tourn\u00e9 pendant un mois et demi.<\/p>\n<p style=\"text-align: justify;\">\u00c0 la fin de cette aventure, Tonio me proposa un autre projet. Il sortit un livre de sa biblioth\u00e8que, un conte inspir\u00e9 d\u2019une histoire vraie, celle d\u2019un fran\u00e7ais vivant dans un petit village du P\u00e9rigord, parti au Chili pour devenir roi de Patagonie\u00a0: \u00ab\u00a0Si tu reviens l\u2019ann\u00e9e prochaine, on monte la pi\u00e8ce et le roi c\u2019est toi\u00a0!\u00a0\u00bb. \u00c0 cette \u00e9poque-l\u00e0, je n\u2019avais plus grand-chose comme projet, j\u2019accepte. <strong>Je partais initialement pour 6 mois, je suis rest\u00e9 une ann\u00e9e enti\u00e8re au Chili.<\/strong><\/p>\n<ul>\n<li style=\"text-align: justify;\"><span style=\"color: #000080;\"><strong><em>C\u2019est donc l\u2019exp\u00e9rience qui a inspir\u00e9 ton spectacle \u00ab\u00a0La vie r\u00eav\u00e9e des Andes\u00a0\u00bb\u00a0! Comment s\u2019est pass\u00e9 le montage de la pi\u00e8ce\u00a0? Y-a-t-il eu autant de gal\u00e8res et d\u2019impr\u00e9vus que ce que tu nous racontes dans ton spectacle \u00e0 Paris\u00a0? <\/em><\/strong><\/span><\/li>\n<\/ul>\n<p style=\"text-align: justify;\">Disons que cela m\u2019a fortement inspir\u00e9\u00a0! Nous sommes pass\u00e9s par de nombreuses p\u00e9rip\u00e9ties pour monter cette pi\u00e8ce. <strong>Les choses ne se sont pas d\u00e9roul\u00e9es aussi bien que je l\u2019avais imagin\u00e9.<\/strong> Nous avons commenc\u00e9 le montage en septembre et nous avons donn\u00e9 la premi\u00e8re repr\u00e9sentation officielle en d\u00e9cembre, au th\u00e9\u00e2tre de l\u2019Universit\u00e9 Catholique de Talca. Aussi, nous n\u2019avons donn\u00e9 que peu de repr\u00e9sentations en 6 mois, mais parfois dans de tr\u00e8s beaux th\u00e9\u00e2tres des villes alentour et plus \u00e9loign\u00e9es de Talca\u00a0!<\/p>\n<p><img decoding=\"async\" class=\"aligncenter\" src=\"https:\/\/kikienvadrouille.com\/wp-content\/uploads\/2017\/08\/Le-roi-de-lAraucanie-Petit-2.jpg\" alt=\"\" width=\"449\" height=\"642\" \/><\/p>\n<p><img decoding=\"async\" class=\"aligncenter wp-image-2860 size-full\" src=\"https:\/\/kikienvadrouille.com\/wp-content\/uploads\/2017\/08\/IMG_9891-1.jpg\" alt=\"\" width=\"5184\" height=\"3456\" srcset=\"https:\/\/kikienvadrouille.com\/wp-content\/uploads\/2017\/08\/IMG_9891-1.jpg 5184w, https:\/\/kikienvadrouille.com\/wp-content\/uploads\/2017\/08\/IMG_9891-1-300x200.jpg 300w, https:\/\/kikienvadrouille.com\/wp-content\/uploads\/2017\/08\/IMG_9891-1-768x512.jpg 768w, https:\/\/kikienvadrouille.com\/wp-content\/uploads\/2017\/08\/IMG_9891-1-1024x683.jpg 1024w, https:\/\/kikienvadrouille.com\/wp-content\/uploads\/2017\/08\/IMG_9891-1-405x270.jpg 405w\" sizes=\"(max-width: 5184px) 100vw, 5184px\" \/><\/p>\n<ul>\n<li style=\"text-align: justify;\"><span style=\"color: #000080;\"><strong><em>Tu es rest\u00e9 une ann\u00e9e enti\u00e8re au Chili, qu\u2019as-tu fais en dehors des repr\u00e9sentations du spectacle?<\/em><\/strong><\/span><\/li>\n<\/ul>\n<p style=\"text-align: justify;\">J\u2019en ai d\u2019abord profit\u00e9 pour visiter le pays et retrouver Jos\u00e9 qui vivait entre le Chili et la France\u00a0!<\/p>\n<p style=\"text-align: justify;\">J\u2019ai eu la chance d\u2019\u00eatre choy\u00e9 et adopt\u00e9 \u00e0 la fois par la famille de Jos\u00e9 \u00e0 Santiago, et par la famille et la troupe de Tonio \u00e0 Talca. <strong>J\u2019avais un point de chute chez l\u2019une et chez l\u2019autre famille.<\/strong><\/p>\n<p style=\"text-align: justify;\">J\u2019ai \u00e9t\u00e9 marqu\u00e9 par la joie de vivre des locaux et cette ambiance unique.<\/p>\n<div id='gallery-1' class='gallery galleryid-1392 gallery-columns-3 gallery-size-full'><figure class='gallery-item'>\n\t\t\t<div class='gallery-icon landscape'>\n\t\t\t\t<a href='https:\/\/kikienvadrouille.com\/?attachment_id=1799'><img loading=\"lazy\" decoding=\"async\" width=\"4752\" height=\"3168\" src=\"https:\/\/kikienvadrouille.com\/wp-content\/uploads\/2017\/08\/San-Pedro-de-Atacama.jpg\" class=\"attachment-full size-full\" alt=\"\" aria-describedby=\"gallery-1-1799\" srcset=\"https:\/\/kikienvadrouille.com\/wp-content\/uploads\/2017\/08\/San-Pedro-de-Atacama.jpg 4752w, https:\/\/kikienvadrouille.com\/wp-content\/uploads\/2017\/08\/San-Pedro-de-Atacama-300x200.jpg 300w, https:\/\/kikienvadrouille.com\/wp-content\/uploads\/2017\/08\/San-Pedro-de-Atacama-768x512.jpg 768w, https:\/\/kikienvadrouille.com\/wp-content\/uploads\/2017\/08\/San-Pedro-de-Atacama-1024x683.jpg 1024w, https:\/\/kikienvadrouille.com\/wp-content\/uploads\/2017\/08\/San-Pedro-de-Atacama-405x270.jpg 405w\" sizes=\"(max-width: 4752px) 100vw, 4752px\" \/><\/a>\n\t\t\t<\/div>\n\t\t\t\t<figcaption class='wp-caption-text gallery-caption' id='gallery-1-1799'>\n\t\t\t\tSan Pedro de Atacama\n\t\t\t\t<\/figcaption><\/figure><figure class='gallery-item'>\n\t\t\t<div class='gallery-icon landscape'>\n\t\t\t\t<a href='https:\/\/kikienvadrouille.com\/?attachment_id=1798'><img loading=\"lazy\" decoding=\"async\" width=\"4752\" height=\"3168\" src=\"https:\/\/kikienvadrouille.com\/wp-content\/uploads\/2017\/08\/Puerto-natales.jpg\" class=\"attachment-full size-full\" alt=\"\" aria-describedby=\"gallery-1-1798\" srcset=\"https:\/\/kikienvadrouille.com\/wp-content\/uploads\/2017\/08\/Puerto-natales.jpg 4752w, https:\/\/kikienvadrouille.com\/wp-content\/uploads\/2017\/08\/Puerto-natales-300x200.jpg 300w, https:\/\/kikienvadrouille.com\/wp-content\/uploads\/2017\/08\/Puerto-natales-768x512.jpg 768w, https:\/\/kikienvadrouille.com\/wp-content\/uploads\/2017\/08\/Puerto-natales-1024x683.jpg 1024w, https:\/\/kikienvadrouille.com\/wp-content\/uploads\/2017\/08\/Puerto-natales-405x270.jpg 405w\" sizes=\"(max-width: 4752px) 100vw, 4752px\" \/><\/a>\n\t\t\t<\/div>\n\t\t\t\t<figcaption class='wp-caption-text gallery-caption' id='gallery-1-1798'>\n\t\t\t\tPuerto Natales\n\t\t\t\t<\/figcaption><\/figure><figure class='gallery-item'>\n\t\t\t<div class='gallery-icon landscape'>\n\t\t\t\t<a href='https:\/\/kikienvadrouille.com\/?attachment_id=1800'><img loading=\"lazy\" decoding=\"async\" width=\"4752\" height=\"3168\" src=\"https:\/\/kikienvadrouille.com\/wp-content\/uploads\/2017\/08\/Valparaiso.jpg\" class=\"attachment-full size-full\" alt=\"\" aria-describedby=\"gallery-1-1800\" srcset=\"https:\/\/kikienvadrouille.com\/wp-content\/uploads\/2017\/08\/Valparaiso.jpg 4752w, https:\/\/kikienvadrouille.com\/wp-content\/uploads\/2017\/08\/Valparaiso-300x200.jpg 300w, https:\/\/kikienvadrouille.com\/wp-content\/uploads\/2017\/08\/Valparaiso-768x512.jpg 768w, https:\/\/kikienvadrouille.com\/wp-content\/uploads\/2017\/08\/Valparaiso-1024x683.jpg 1024w, https:\/\/kikienvadrouille.com\/wp-content\/uploads\/2017\/08\/Valparaiso-405x270.jpg 405w\" sizes=\"(max-width: 4752px) 100vw, 4752px\" \/><\/a>\n\t\t\t<\/div>\n\t\t\t\t<figcaption class='wp-caption-text gallery-caption' id='gallery-1-1800'>\n\t\t\t\tValparaiso\n\t\t\t\t<\/figcaption><\/figure>\n\t\t<\/div>\n\n<p style=\"text-align: justify;\">Aussi, la maman de Jos\u00e9 a d\u00e9cid\u00e9 de me prendre sous son aile et de me gaver autant que possible\u00a0! <strong>Au Chili, manger est une institution, de pr\u00e9f\u00e9rence en grande quantit\u00e9 et de mani\u00e8re copieuse.<\/strong> Les sodas, la viande et le gras sont rois. Les assiettes d\u00e9bordent. En trois semaines de s\u00e9jour chez Jos\u00e9, j\u2019ai pris environ 5 kg\u00a0! Nous mangions \u00e0 des heures d\u00e9cal\u00e9es par rapport \u00e0 la France, et compl\u00e9tions ces repas par de gros \u00ab\u00a0grignotages\u00a0\u00bb tout au long de la journ\u00e9e.<\/p>\n<p style=\"text-align: justify;\"><strong>Je suis ensuite parti seul en sac \u00e0 dos<\/strong>, durant deux mois et demi, \u00e0 la d\u00e9couverte des pays voisins.<\/p>\n<ul>\n<li style=\"text-align: justify;\"><span style=\"color: #000080;\"><strong><em>Quels sont les autres pays d&rsquo;Am\u00e9rique latine que tu as eu la chance de parcourir\u00a0? Raconte-moi ton p\u00e9riple\u00a0!<\/em><\/strong><\/span><\/li>\n<\/ul>\n<p style=\"text-align: justify;\">J\u2019ai essentiellement vadrouill\u00e9 dans les grands espaces naturels. J\u2019ai commenc\u00e9 par le sud de la Patagonie, en partant d\u2019Ushuaia. C\u2019\u00e9tait le premier d\u00e9fi que je m\u2019\u00e9tais fix\u00e9 pour tester ma capacit\u00e9 \u00e0 continuer par la suite ce mode de voyage seul, en sac \u00e0 dos. <strong>L\u2019exp\u00e9rience s\u2019est r\u00e9v\u00e9l\u00e9e particuli\u00e8rement positive<\/strong>, ce qui m\u2019a donn\u00e9 l\u2019envie de poursuivre mon p\u00e9riple au P\u00e9rou. J\u2019ai long\u00e9 une partie de la Cordill\u00e8re des Andes, visit\u00e9 les sites les plus fameux, puis je suis parti d\u00e9couvrir les sites exceptionnels de la Bolivie.<\/p>\n<div id='gallery-2' class='gallery galleryid-1392 gallery-columns-3 gallery-size-full'><figure class='gallery-item'>\n\t\t\t<div class='gallery-icon landscape'>\n\t\t\t\t<a href='https:\/\/kikienvadrouille.com\/?attachment_id=1783'><img loading=\"lazy\" decoding=\"async\" width=\"4752\" height=\"3168\" src=\"https:\/\/kikienvadrouille.com\/wp-content\/uploads\/2017\/08\/Bolivie-La-Paz.jpg\" class=\"attachment-full size-full\" alt=\"\" aria-describedby=\"gallery-2-1783\" srcset=\"https:\/\/kikienvadrouille.com\/wp-content\/uploads\/2017\/08\/Bolivie-La-Paz.jpg 4752w, https:\/\/kikienvadrouille.com\/wp-content\/uploads\/2017\/08\/Bolivie-La-Paz-300x200.jpg 300w, https:\/\/kikienvadrouille.com\/wp-content\/uploads\/2017\/08\/Bolivie-La-Paz-768x512.jpg 768w, https:\/\/kikienvadrouille.com\/wp-content\/uploads\/2017\/08\/Bolivie-La-Paz-1024x683.jpg 1024w, https:\/\/kikienvadrouille.com\/wp-content\/uploads\/2017\/08\/Bolivie-La-Paz-405x270.jpg 405w\" sizes=\"(max-width: 4752px) 100vw, 4752px\" \/><\/a>\n\t\t\t<\/div>\n\t\t\t\t<figcaption class='wp-caption-text gallery-caption' id='gallery-2-1783'>\n\t\t\t\tLa Paz &#8211; Bolivie \n\t\t\t\t<\/figcaption><\/figure><figure class='gallery-item'>\n\t\t\t<div class='gallery-icon landscape'>\n\t\t\t\t<a href='https:\/\/kikienvadrouille.com\/?attachment_id=1782'><img loading=\"lazy\" decoding=\"async\" width=\"4752\" height=\"3168\" src=\"https:\/\/kikienvadrouille.com\/wp-content\/uploads\/2017\/08\/Bolivie-Lac-Titicaca.jpg\" class=\"attachment-full size-full\" alt=\"\" aria-describedby=\"gallery-2-1782\" srcset=\"https:\/\/kikienvadrouille.com\/wp-content\/uploads\/2017\/08\/Bolivie-Lac-Titicaca.jpg 4752w, https:\/\/kikienvadrouille.com\/wp-content\/uploads\/2017\/08\/Bolivie-Lac-Titicaca-300x200.jpg 300w, https:\/\/kikienvadrouille.com\/wp-content\/uploads\/2017\/08\/Bolivie-Lac-Titicaca-768x512.jpg 768w, https:\/\/kikienvadrouille.com\/wp-content\/uploads\/2017\/08\/Bolivie-Lac-Titicaca-1024x683.jpg 1024w, https:\/\/kikienvadrouille.com\/wp-content\/uploads\/2017\/08\/Bolivie-Lac-Titicaca-405x270.jpg 405w\" sizes=\"(max-width: 4752px) 100vw, 4752px\" \/><\/a>\n\t\t\t<\/div>\n\t\t\t\t<figcaption class='wp-caption-text gallery-caption' id='gallery-2-1782'>\n\t\t\t\tLac Titicaca &#8211; Bolivie \n\t\t\t\t<\/figcaption><\/figure><figure class='gallery-item'>\n\t\t\t<div class='gallery-icon landscape'>\n\t\t\t\t<a href='https:\/\/kikienvadrouille.com\/?attachment_id=1781'><img loading=\"lazy\" decoding=\"async\" width=\"4752\" height=\"3168\" src=\"https:\/\/kikienvadrouille.com\/wp-content\/uploads\/2017\/08\/Argentine-Ushuaia.jpg\" class=\"attachment-full size-full\" alt=\"\" aria-describedby=\"gallery-2-1781\" srcset=\"https:\/\/kikienvadrouille.com\/wp-content\/uploads\/2017\/08\/Argentine-Ushuaia.jpg 4752w, https:\/\/kikienvadrouille.com\/wp-content\/uploads\/2017\/08\/Argentine-Ushuaia-300x200.jpg 300w, https:\/\/kikienvadrouille.com\/wp-content\/uploads\/2017\/08\/Argentine-Ushuaia-768x512.jpg 768w, https:\/\/kikienvadrouille.com\/wp-content\/uploads\/2017\/08\/Argentine-Ushuaia-1024x683.jpg 1024w, https:\/\/kikienvadrouille.com\/wp-content\/uploads\/2017\/08\/Argentine-Ushuaia-405x270.jpg 405w\" sizes=\"(max-width: 4752px) 100vw, 4752px\" \/><\/a>\n\t\t\t<\/div>\n\t\t\t\t<figcaption class='wp-caption-text gallery-caption' id='gallery-2-1781'>\n\t\t\t\tUshuaia &#8211; Argentine\n\t\t\t\t<\/figcaption><\/figure><figure class='gallery-item'>\n\t\t\t<div class='gallery-icon landscape'>\n\t\t\t\t<a href='https:\/\/kikienvadrouille.com\/?attachment_id=1797'><img loading=\"lazy\" decoding=\"async\" width=\"4752\" height=\"3168\" src=\"https:\/\/kikienvadrouille.com\/wp-content\/uploads\/2017\/08\/P\u00e9rou-Cusco.jpg\" class=\"attachment-full size-full\" alt=\"\" aria-describedby=\"gallery-2-1797\" srcset=\"https:\/\/kikienvadrouille.com\/wp-content\/uploads\/2017\/08\/P\u00e9rou-Cusco.jpg 4752w, https:\/\/kikienvadrouille.com\/wp-content\/uploads\/2017\/08\/P\u00e9rou-Cusco-300x200.jpg 300w, https:\/\/kikienvadrouille.com\/wp-content\/uploads\/2017\/08\/P\u00e9rou-Cusco-768x512.jpg 768w, https:\/\/kikienvadrouille.com\/wp-content\/uploads\/2017\/08\/P\u00e9rou-Cusco-1024x683.jpg 1024w, https:\/\/kikienvadrouille.com\/wp-content\/uploads\/2017\/08\/P\u00e9rou-Cusco-405x270.jpg 405w\" sizes=\"(max-width: 4752px) 100vw, 4752px\" \/><\/a>\n\t\t\t<\/div>\n\t\t\t\t<figcaption class='wp-caption-text gallery-caption' id='gallery-2-1797'>\n\t\t\t\tCusco &#8211; P\u00e9rou \n\t\t\t\t<\/figcaption><\/figure><figure class='gallery-item'>\n\t\t\t<div class='gallery-icon landscape'>\n\t\t\t\t<a href='https:\/\/kikienvadrouille.com\/?attachment_id=1794'><img loading=\"lazy\" decoding=\"async\" width=\"4752\" height=\"3168\" src=\"https:\/\/kikienvadrouille.com\/wp-content\/uploads\/2017\/08\/P\u00e9rou-Cordill\u00e8re-Blanche-Punta-Union.jpg\" class=\"attachment-full size-full\" alt=\"\" aria-describedby=\"gallery-2-1794\" srcset=\"https:\/\/kikienvadrouille.com\/wp-content\/uploads\/2017\/08\/P\u00e9rou-Cordill\u00e8re-Blanche-Punta-Union.jpg 4752w, https:\/\/kikienvadrouille.com\/wp-content\/uploads\/2017\/08\/P\u00e9rou-Cordill\u00e8re-Blanche-Punta-Union-300x200.jpg 300w, https:\/\/kikienvadrouille.com\/wp-content\/uploads\/2017\/08\/P\u00e9rou-Cordill\u00e8re-Blanche-Punta-Union-768x512.jpg 768w, https:\/\/kikienvadrouille.com\/wp-content\/uploads\/2017\/08\/P\u00e9rou-Cordill\u00e8re-Blanche-Punta-Union-1024x683.jpg 1024w, https:\/\/kikienvadrouille.com\/wp-content\/uploads\/2017\/08\/P\u00e9rou-Cordill\u00e8re-Blanche-Punta-Union-405x270.jpg 405w\" sizes=\"(max-width: 4752px) 100vw, 4752px\" \/><\/a>\n\t\t\t<\/div>\n\t\t\t\t<figcaption class='wp-caption-text gallery-caption' id='gallery-2-1794'>\n\t\t\t\tCordill\u00e8re Blanche Punta Union &#8211; P\u00e9rou\n\t\t\t\t<\/figcaption><\/figure>\n\t\t<\/div>\n\n<p style=\"text-align: justify;\">Durant ces deux mois et demi, j\u2019ai \u00e9norm\u00e9ment march\u00e9. En moyenne 8h par jour, je parcourais une trentaine de kilom\u00e8tres, parfois avec des d\u00e9nivel\u00e9s importants, souvent dans le froid et l\u2019inconfort. Mais ce que j\u2019ai v\u00e9cu pendant cette vadrouille \u00e9tait si unique que l\u2019on en oublie vite ces aspects-l\u00e0\u00a0! <strong>La richesse des paysages, les multiples rencontres que nous faisons en voyageant seul, nous am\u00e8nent \u00e0 nous surpasser.<\/strong> \u00c0 mon retour, je me portais comme un charme\u00a0malgr\u00e9 mes 10 kg en moins\u00a0! J\u2019ai pourtant toujours eu l\u2019occasion de manger \u00e0 ma faim, et m\u00eame de me faire de bons restaurants de temps \u00e0 autre.<\/p>\n<p style=\"text-align: justify;\">En Am\u00e9rique Latine, la nourriture est vraiment bon march\u00e9, en particulier lorsque l\u2019on opte pour la nourriture de rue et la nourriture vendue sur les march\u00e9s. Les magasins d\u2019alimentation sont d\u00e9j\u00e0 un peu plus chers\u00a0!<\/p>\n<div id='gallery-3' class='gallery galleryid-1392 gallery-columns-2 gallery-size-large'><figure class='gallery-item'>\n\t\t\t<div class='gallery-icon portrait'>\n\t\t\t\t<a href='https:\/\/kikienvadrouille.com\/?attachment_id=1789'><img loading=\"lazy\" decoding=\"async\" width=\"640\" height=\"960\" src=\"https:\/\/kikienvadrouille.com\/wp-content\/uploads\/2017\/08\/La-Vega-Mara\u00eechers-683x1024.jpg\" class=\"attachment-large size-large\" alt=\"\" aria-describedby=\"gallery-3-1789\" srcset=\"https:\/\/kikienvadrouille.com\/wp-content\/uploads\/2017\/08\/La-Vega-Mara\u00eechers-683x1024.jpg 683w, https:\/\/kikienvadrouille.com\/wp-content\/uploads\/2017\/08\/La-Vega-Mara\u00eechers-200x300.jpg 200w, https:\/\/kikienvadrouille.com\/wp-content\/uploads\/2017\/08\/La-Vega-Mara\u00eechers-768x1152.jpg 768w, https:\/\/kikienvadrouille.com\/wp-content\/uploads\/2017\/08\/La-Vega-Mara\u00eechers-180x270.jpg 180w\" sizes=\"(max-width: 640px) 100vw, 640px\" \/><\/a>\n\t\t\t<\/div>\n\t\t\t\t<figcaption class='wp-caption-text gallery-caption' id='gallery-3-1789'>\n\t\t\t\tLa Vega Mara\u00eechers\n\t\t\t\t<\/figcaption><\/figure><figure class='gallery-item'>\n\t\t\t<div class='gallery-icon portrait'>\n\t\t\t\t<a href='https:\/\/kikienvadrouille.com\/?attachment_id=1790'><img loading=\"lazy\" decoding=\"async\" width=\"640\" height=\"960\" src=\"https:\/\/kikienvadrouille.com\/wp-content\/uploads\/2017\/08\/La-Vega-Poissonier-683x1024.jpg\" class=\"attachment-large size-large\" alt=\"\" aria-describedby=\"gallery-3-1790\" srcset=\"https:\/\/kikienvadrouille.com\/wp-content\/uploads\/2017\/08\/La-Vega-Poissonier-683x1024.jpg 683w, https:\/\/kikienvadrouille.com\/wp-content\/uploads\/2017\/08\/La-Vega-Poissonier-200x300.jpg 200w, https:\/\/kikienvadrouille.com\/wp-content\/uploads\/2017\/08\/La-Vega-Poissonier-768x1152.jpg 768w, https:\/\/kikienvadrouille.com\/wp-content\/uploads\/2017\/08\/La-Vega-Poissonier-180x270.jpg 180w\" sizes=\"(max-width: 640px) 100vw, 640px\" \/><\/a>\n\t\t\t<\/div>\n\t\t\t\t<figcaption class='wp-caption-text gallery-caption' id='gallery-3-1790'>\n\t\t\t\tLa Vega Poissonier\n\t\t\t\t<\/figcaption><\/figure>\n\t\t<\/div>\n\n<ul>\n<li style=\"text-align: justify;\"><span style=\"color: #000080;\"><strong><em>Durant ta vadrouille, comment t\u2019es-tu d\u00e9plac\u00e9 d\u2019un endroit \u00e0 un autre et quels types d\u2019h\u00e9bergement as-tu privil\u00e9gi\u00e9 ?<\/em><\/strong><\/span><\/li>\n<\/ul>\n<p style=\"text-align: justify;\">Mis \u00e0 part l\u2019avion que j\u2019ai pris deux fois pour un gain de temps consid\u00e9rable (entre Santiago et Ushuaia par exemple), j\u2019ai tout le temps voyag\u00e9 en bus.<\/p>\n<p style=\"text-align: justify;\"><strong>Pour ce qui est de l\u2019h\u00e9bergement, mon principe \u00e9tait \u00ab\u00a0le voyage d\u2019abord\u00a0\u00bb.<\/strong> J\u2019ai ainsi \u00e9vit\u00e9 les h\u00f4tels et auberges \u00ab\u00a0de luxe\u00a0\u00bb \u00e0 chaque fois que cela \u00e9tait possible pour privil\u00e9gier les auberges de jeunesse bon march\u00e9 et plus typiques.<\/p>\n<ul>\n<li style=\"text-align: justify;\"><span style=\"color: #000080;\"><strong><em>As-tu essay\u00e9 le camping\u00a0?<\/em><\/strong><\/span><\/li>\n<\/ul>\n<p style=\"text-align: justify;\">Oui\u00a0!<\/p>\n<p style=\"text-align: justify;\">J\u2019\u00e9tais parti sans tente. J\u2019en ai lou\u00e9 une pour faire des randonn\u00e9es dans les parcs de Patagonie.<\/p>\n<p style=\"text-align: justify;\"><strong>Je me suis vite rendu compte que disposer de son propre \u00e9quipement \u00e9tait quand m\u00eame la meilleure option<\/strong>, ne serait-ce que pour face \u00e0 des temp\u00e9ratures descendant facilement en-dessous du z\u00e9ro degr\u00e9 en haute altitude\u2026<\/p>\n<p style=\"text-align: justify;\">J\u2019ai ensuite achet\u00e9 une tente. Il est cependant plus cher de se procurer ce type d\u2019\u00e9quipement technique sur place. Il s\u2019agit de mat\u00e9riel import\u00e9 et la qualit\u00e9 n\u2019est pas toujours au rendez-vous (ce qui \u00e9tait le cas de la mienne\u2026\u00a0!)<\/p>\n<figure id=\"attachment_1796\" aria-describedby=\"caption-attachment-1796\" style=\"width: 640px\" class=\"wp-caption aligncenter\"><img loading=\"lazy\" decoding=\"async\" src=\"https:\/\/kikienvadrouille.com\/wp-content\/uploads\/2017\/08\/P\u00e9rou-Cordill\u00e8re-Blanche-1024x683.jpg\" alt=\"\" width=\"640\" height=\"427\" \/><figcaption id=\"caption-attachment-1796\" class=\"wp-caption-text\"><em>La tente pas trop adapt\u00e9e d\u2019Aur\u00e9lien :p \u2013 Cordill\u00e8re Blanche, P\u00e9rou<\/em><\/figcaption><\/figure>\n<ul>\n<li style=\"text-align: justify;\"><span style=\"color: #000080;\"><strong><em>Es-tu parti seul quand tu faisais du camping\u00a0en montagne ? As-tu support\u00e9 l\u2019altitude de mani\u00e8re g\u00e9n\u00e9rale\u00a0?<\/em><\/strong><\/span><\/li>\n<\/ul>\n<p style=\"text-align: justify;\">Oui, je partais seul. <strong>Je n\u2019avais aucune exp\u00e9rience dans le domaine mais je pr\u00e9parais mes randos en cons\u00e9quence<\/strong> (quantit\u00e9 de nourriture et d\u2019eau suffisantes pour 3-4 jours, sac all\u00e9g\u00e9 au maximum pour ne pas avoir \u00e0 marcher avec un poids trop important sur le dos, autres affaires stock\u00e9es dans des casiers verrouill\u00e9s \u00e0 l\u2019auberge, etc.)<\/p>\n<p style=\"text-align: justify;\">Pour ce qui est de l\u2019altitude, on finit par s\u2019habituer, mais il est vrai que je n\u2019ai jamais vraiment eu de probl\u00e8me de ce c\u00f4t\u00e9-l\u00e0, cela pourrait \u00eatre diff\u00e9rent en fonction des personnes.<\/p>\n<ul>\n<li style=\"text-align: justify;\"><span style=\"color: #000080;\"><strong><em>On entend souvent des retours d\u2019exp\u00e9riences malheureuses v\u00e9cues par des voyageurs qui se sont fait voler, voire pire en Am\u00e9rique latine\u2026 Quel est ton point de vue \u00e0 travers ta propre exp\u00e9rience\u00a0?<\/em><\/strong><\/span><\/li>\n<\/ul>\n<p style=\"text-align: justify;\">Je dirais qu\u2019en Argentine et au Chili, c\u2019est l\u2019\u00e9quivalent de la France, il faut faire attention dans les grandes villes mais les dangers restent mod\u00e9r\u00e9s. Au P\u00e9rou, beaucoup d\u2019infrastructures sont sp\u00e9cialement am\u00e9nag\u00e9es pour les voyageurs et les touristes, ceux-ci ne rencontrent donc pas forc\u00e9ment de probl\u00e8mes d\u2019ins\u00e9curit\u00e9 particuliers. En Bolivie, c\u2019est parfois un peu plus tendu mais, l\u00e0 encore, <strong>c\u2019est surtout dans les grandes villes qu\u2019il faut redoubler de vigilance<\/strong>. Dans les petites villes et villages, je n\u2019ai jamais eu de probl\u00e8me.<\/p>\n<p style=\"text-align: justify;\">Au cours de mon p\u00e9riple d\u2019un an, j\u2019ai v\u00e9cu deux tentatives de vol et, \u00e0 chaque fois, des gens m\u2019ont pr\u00e9venu que j\u2019\u00e9tais sur le point de me faire voler\u2026\u00a0! Comme on dit, il y a des bonnes personnes et des gens mal intentionn\u00e9s partout.<\/p>\n<ul>\n<li style=\"text-align: justify;\"><span style=\"color: #000080;\"><strong><em>Au total, combien as-tu d\u00e9pens\u00e9 d\u2019argent sur une ann\u00e9e compl\u00e8te pass\u00e9e en Am\u00e9rique du Sud\u00a0?<\/em><\/strong><\/span><\/li>\n<\/ul>\n<p style=\"text-align: justify;\">Je crois pouvoir te dire que j\u2019ai d\u00e9pens\u00e9 environ 7000 euros\u00a0! <strong>J\u2019ai altern\u00e9 entre \u00ab\u00a0d\u00e9couvrir les pays\u00a0\u00bb et \u00ab\u00a0vivre le Chili\u00a0\u00bb<\/strong>, ce qui \u00e0 jouer en termes d\u2019\u00e9conomie de budget. L\u00e0 o\u00f9 j\u2019ai probablement le plus d\u00e9pens\u00e9, c\u2019est dans le sud de la Patagonie, mais l\u2019exp\u00e9rience en valait vraiment le coup. Le Chili et l\u2019Argentine sont assez chers, le P\u00e9rou un peu moins, et la Bolivie est tr\u00e8s bon march\u00e9\u2026\u00a0!<\/p>\n<p style=\"text-align: justify;\">En mode \u00ab\u00a0backpacker\u00a0\u00bb (et donc petit budget), <strong>pr\u00e9voir 1000 euros par mois me semble \u00eatre plut\u00f4t une bonne option<\/strong> si l\u2019on pr\u00e9voit de se d\u00e9placer fr\u00e9quemment d\u2019un lieu \u00e0 un autre.<\/p>\n<ul>\n<li style=\"text-align: justify;\"><span style=\"color: #000080;\"><strong><em>Revenons au sujet du th\u00e9\u00e2tre, comment per\u00e7ois-tu sa place en Am\u00e9rique latine\u00a0?<\/em><\/strong><\/span><\/li>\n<\/ul>\n<p style=\"text-align: justify;\">Pour parler de ce que je connais, le rapport des chiliens \u00e0 l\u2019art et au th\u00e9\u00e2tre est assez d\u00e9velopp\u00e9, bien souvent de mani\u00e8re amateur puisque pratiquement personne ne peut en vivre. <strong>Dans des villes universitaires telles que Valparaiso, les initiatives artistiques et les \u0153uvres spontan\u00e9es fleurissent dans la rue.<\/strong> Les jeunes se regroupent et s\u2019attachent souvent \u00e0 d\u00e9noncer des scandales \u00e0 travers l\u2019art. \u00c0 Santiago, des gens donnent tous les jours des repr\u00e9sentations sur la place centrale.<\/p>\n<p style=\"text-align: justify;\">On trouve aussi un th\u00e9\u00e2tre municipal dans chacune des villes du Chili. Malheureusement, les trois quarts du temps, ceux-ci sont vides par manque de moyens.<strong> Le d\u00e9sir de d\u00e9veloppement artistique est cependant bien pr\u00e9gnant.<\/strong><\/p>\n<p style=\"text-align: justify;\">Les chiliens s\u2019initient au th\u00e9\u00e2tre par pure passion et sont les rois du \u00ab\u00a0syst\u00e8me D\u00a0\u00bb. <strong>Autodidactes, ils ont souvent de multiples comp\u00e9tences artistiques qu\u2019ils mutualisent dans leur troupe<\/strong> telles que la danse, la pratique d\u2019un instrument de musique, le maniement des marionnettes, la construction de d\u00e9cor\u2026 En dehors de leur travail, ils peuvent passer des journ\u00e9es enti\u00e8res \u00e0 \u00e9crire une pi\u00e8ce, \u00e0 monter un d\u00e9cor. Ils ont beaucoup d\u2019imagination. Souvent, un v\u00e9ritable travail artistique est r\u00e9alis\u00e9 et il manquerait peu pour que cela rel\u00e8ve d\u2019un niveau professionnel.<\/p>\n<p style=\"text-align: justify;\">Le seul b\u00e9mol, c\u2019est justement ce manque de cadrage, de rigueur. <strong>Les chiliens ne s\u2019encombrent pas de la direction d\u2019acteurs, ils jouent, un point c\u2019est tout\u00a0!<\/strong><\/p>\n<p><img loading=\"lazy\" decoding=\"async\" class=\"aligncenter\" src=\"https:\/\/kikienvadrouille.com\/wp-content\/uploads\/2017\/08\/Marionnette-1-683x1024.jpg\" alt=\"\" width=\"341\" height=\"512\" \/><\/p>\n<div id='gallery-4' class='gallery galleryid-1392 gallery-columns-2 gallery-size-large'><figure class='gallery-item'>\n\t\t\t<div class='gallery-icon landscape'>\n\t\t\t\t<a href='https:\/\/kikienvadrouille.com\/?attachment_id=1784'><img loading=\"lazy\" decoding=\"async\" width=\"640\" height=\"427\" src=\"https:\/\/kikienvadrouille.com\/wp-content\/uploads\/2017\/08\/D\u00e9cor-1-1024x683.jpg\" class=\"attachment-large size-large\" alt=\"\" srcset=\"https:\/\/kikienvadrouille.com\/wp-content\/uploads\/2017\/08\/D\u00e9cor-1-1024x683.jpg 1024w, https:\/\/kikienvadrouille.com\/wp-content\/uploads\/2017\/08\/D\u00e9cor-1-300x200.jpg 300w, https:\/\/kikienvadrouille.com\/wp-content\/uploads\/2017\/08\/D\u00e9cor-1-768x512.jpg 768w, https:\/\/kikienvadrouille.com\/wp-content\/uploads\/2017\/08\/D\u00e9cor-1-405x270.jpg 405w\" sizes=\"(max-width: 640px) 100vw, 640px\" \/><\/a>\n\t\t\t<\/div><\/figure><figure class='gallery-item'>\n\t\t\t<div class='gallery-icon landscape'>\n\t\t\t\t<a href='https:\/\/kikienvadrouille.com\/?attachment_id=1785'><img loading=\"lazy\" decoding=\"async\" width=\"640\" height=\"427\" src=\"https:\/\/kikienvadrouille.com\/wp-content\/uploads\/2017\/08\/D\u00e9cor-2-1024x683.jpg\" class=\"attachment-large size-large\" alt=\"\" srcset=\"https:\/\/kikienvadrouille.com\/wp-content\/uploads\/2017\/08\/D\u00e9cor-2-1024x683.jpg 1024w, https:\/\/kikienvadrouille.com\/wp-content\/uploads\/2017\/08\/D\u00e9cor-2-300x200.jpg 300w, https:\/\/kikienvadrouille.com\/wp-content\/uploads\/2017\/08\/D\u00e9cor-2-768x512.jpg 768w, https:\/\/kikienvadrouille.com\/wp-content\/uploads\/2017\/08\/D\u00e9cor-2-405x270.jpg 405w\" sizes=\"(max-width: 640px) 100vw, 640px\" \/><\/a>\n\t\t\t<\/div><\/figure>\n\t\t<\/div>\n\n<ul>\n<li style=\"text-align: justify;\"><span style=\"color: #000080;\"><strong><em>Que jouent les chiliens justement\u00a0? Y-a-t-il des styles de th\u00e9\u00e2tre plus courus que d\u2019autres\u00a0?<\/em><\/strong><\/span><\/li>\n<\/ul>\n<p style=\"text-align: justify;\">Je dirais que c\u2019est tr\u00e8s m\u00e9lang\u00e9. Il peut s\u2019agir de pi\u00e8ces politiques, de contes, de pi\u00e8ces impr\u00e9gn\u00e9es de l\u2019esprit et des traditions chiliennes ou de boulevard\u2026 Aussi, <strong>les spectacles sont souvent mont\u00e9s de mani\u00e8re pluridisciplinaire.<\/strong> On y trouve des com\u00e9diens, des musiciens, des chanteurs, des marionnettistes\u2026 Les chiliens aiment \u00e9galement utiliser les jeux d\u2019ombres, de lumi\u00e8re, le jeu masqu\u00e9. Ils ne s\u2019embarrassent pas de conventions artistiques.<\/p>\n<p style=\"text-align: justify;\">Des compagnies de niveau professionnel utilisent m\u00eame des techniques cin\u00e9matographiques dans des d\u00e9cors taill\u00e9s au millim\u00e8tre pr\u00e8s. C\u2019est le cas du Teatrocine, compagnie qui est pass\u00e9e au Th\u00e9\u00e2tre du Rond Point \u00e0 Paris.<\/p>\n<p style=\"text-align: justify;\">Globalement, le th\u00e9\u00e2tre chilien met l\u2019accent sur les aspects concrets et multidisciplinaires de l\u2019art dramatique. Et cela se retrouve dans leur enseignement professionnel\u00a0: les universit\u00e9s th\u00e9\u00e2trales de Valparaiso jonglent \u00e0 parts \u00e9gales entre la th\u00e9orie et la pratique, ce qui manque pr\u00e9cis\u00e9ment \u00e0 nos universit\u00e9s fran\u00e7aises.<\/p>\n<p style=\"text-align: justify;\">Pour se rendre compte de la diversit\u00e9 artistique propre au th\u00e9\u00e2tre chilien, participer \u00e0 \u00ab\u00a0Las ferias de las artes esc\u00e9nicas\u00a0\u00bb est un excellent moyen. Ces festivals sont organis\u00e9s en janvier, un peu partout au Chili. Durant cette p\u00e9riode, des groupes de musiques, des com\u00e9diens ou encore des \u00e9tudiants viennent pr\u00e9senter le r\u00e9sultat de leur travail en public. <strong>Ces \u00e9v\u00e8nements sont de belles occasions de rencontrer de nombreux artistes amateurs et professionnels du pays et d\u2019ailleurs.<\/strong> \u00c0 Santiago par exemple, c\u2019est le festival international \u00ab\u00a0Santiago a Mil\u00a0\u00bb qui anime la capitale en d\u00e9but d\u2019ann\u00e9e.<\/p>\n<ul>\n<li style=\"text-align: justify;\"><strong><em><span style=\"color: #000080;\">Except\u00e9 le Chili, sais-tu justement si d\u2019autres pays d\u2019Am\u00e9rique latine sont friands de th\u00e9\u00e2tre\u00a0?<\/span> <\/em><\/strong><\/li>\n<\/ul>\n<p style=\"text-align: justify;\">J\u2019ai cru comprendre que l\u2019Argentine \u00e9tait assez bien d\u00e9velopp\u00e9e dans le domaine, <strong>en particulier \u00e0 Buenos Aires o\u00f9 la dynamique culturelle est bien r\u00e9elle\u00a0!<\/strong><\/p>\n<p style=\"text-align: justify;\">J\u2019ai \u00e9galement une amie qui a jou\u00e9 dans une troupe en Colombie, mais je connais beaucoup moins la place du th\u00e9\u00e2tre dans ce pays.<\/p>\n<ul>\n<li style=\"text-align: justify;\"><span style=\"color: #000080;\"><strong><em>Derni\u00e8re question\u00a0! J\u2019ai bien compris que ton spectacle \u00ab\u00a0La vie r\u00eav\u00e9e des Andes\u00a0\u00bb avait \u00e9t\u00e9 fortement inspir\u00e9 d\u2019une exp\u00e9rience autobiographique, as-tu \u00e9crit tes aventures durant ton s\u00e9jour l\u00e0-bas\u00a0?<\/em><\/strong><\/span><\/li>\n<\/ul>\n<p style=\"text-align: justify;\">J\u2019ai \u00e9crit r\u00e9guli\u00e8rement. Je tenais des carnets que je m\u2019attachais \u00e0 remplir tous les jours sans exception. Qu\u2019il s\u2019agisse de 4 lignes succinctes not\u00e9es sur un brouillon ou de 6 pages enti\u00e8res de r\u00e9cits d\u00e9taill\u00e9s, je me suis impos\u00e9 ce rythme depuis le jour o\u00f9 j\u2019ai pris l\u2019avion de Paris \u00e0 Santiago, jusqu\u2019au jour de mon retour en France.<\/p>\n<p style=\"text-align: justify;\"><strong>Quand je relis aujourd\u2019hui ces carnets, certains passages me font hurler de rire.<\/strong> Il n\u2019y a pas une virgule qu\u2019il faudrait changer. Les d\u00e9tails qui y sont inscrits sont de r\u00e9els m\u00e9moires et ont \u00e9t\u00e9 marqu\u00e9s dans l\u2019encre sous le coup d\u2019une \u00e9motion particuli\u00e8re.<\/p>\n<p style=\"text-align: justify;\"><strong>\u00c0 force de pratique, j\u2019ai commenc\u00e9 \u00e0 \u00e9crire diff\u00e9remment.<\/strong> Je retranscrivais mon quotidien de mani\u00e8re plus romanc\u00e9e, avec plus de hauteur et de recul sur les situations v\u00e9cues. Il y avait moi, Aur\u00e9lien le fran\u00e7ais au Chili, et il y avait l\u2019auteur qui prenait le relais par les mots.<\/p>\n<p style=\"text-align: justify;\">Lorsque j\u2019\u00e9tais h\u00e9berg\u00e9 chez Jos\u00e9 \u00e0 Santiago, sa maman et moi pouvions passer des heures durant \u00e0 discuter dans le salon. Pendant nos \u00e9changes, je n\u2019\u00e9tais souvent l\u00e0 que pour l\u2019\u00e9couter me raconter son enfance, son pass\u00e9, dans un simple r\u00f4le de t\u00e9moin. <strong>J\u2019ai not\u00e9 la plupart de nos discussions dans mes notes car je trouvais ces moments merveilleux de sinc\u00e9rit\u00e9.<\/strong><\/p>\n<p style=\"text-align: justify;\">Je pense que lorsque l\u2019on \u00e9crit, la question \u00e0 se poser est de savoir si cela est int\u00e9ressant, qu\u2019il soit ou non arriv\u00e9 quelque chose au cours de la journ\u00e9e.<\/p>\n<p style=\"text-align: justify;\">Dans la pr\u00e9face du livre \u00ab\u00a0Carnet d\u2019aventures\u00a0\u00bb de Sylvain Tesson, celui-ci parle d\u2019\u00ab\u00a0\u00c9crire l\u2019aventure\u00a0\u00bb\u00a0: pour vivre pleinement un voyage, il faut savoir l\u2019\u00e9crire et le faire partager.<\/p>\n<p style=\"text-align: justify;\"><span style=\"color: #000080;\"><strong><em>[Aur\u00e9lien me livre l\u2019un de ses passages pr\u00e9f\u00e9r\u00e9s, des extraits qu\u2019il garde pr\u00e9cieusement dans les notes de son t\u00e9l\u00e9phone]\u00a0:<\/em><\/strong><\/span><\/p>\n<p style=\"text-align: justify;\"><em>\u00ab\u00a0L\u2019\u00e9criture est un prolongement naturel \u00e0 l\u2019aventure. Dans la poussi\u00e8re de la piste, les pas du voyageur dessinent un itin\u00e9raire. A la surface du papier, sa main trace les lignes du r\u00e9cit. Dans l\u2019un et l\u2019autre cas, \u00e0 la table de travail ou dans l&rsquo;immensit\u00e9 du monde, la m\u00eame solitude, la m\u00eame lenteur silencieuse, la m\u00eame \u00e2pret\u00e9 et surtout la m\u00eame libert\u00e9. Libert\u00e9 d\u2019aventurer sa vie o\u00f9 bon semble, libert\u00e9 d\u2019orienter son r\u00e9cit comme on l\u2019entend. On peut aller plus loin et se demander si une aventure v\u00e9cue est vraiment achev\u00e9e avant que d\u2019avoir \u00e9t\u00e9 racont\u00e9e. Voyager puis se taire, c\u2019est amputer l\u2019action. Pour qu\u2019elle soit pleinement accomplie ne faut-il pas qu\u2019elle soit partag\u00e9e ?<\/em>\u00a0\u00bb<\/p>\n<p style=\"text-align: justify;\">Je me r\u00e9f\u00e8re souvent \u00e0 cet aventurier des temps modernes que j\u2019admire. Cela me permet de garder une ligne de mire dans la conduite de mes r\u00e9cits personnels.<\/p>\n<figure id=\"attachment_1792\" aria-describedby=\"caption-attachment-1792\" style=\"width: 478px\" class=\"wp-caption aligncenter\"><img loading=\"lazy\" decoding=\"async\" src=\"https:\/\/kikienvadrouille.com\/wp-content\/uploads\/2017\/08\/Livre-de-voyage-Page-161-683x1024.jpg\" alt=\"\" width=\"478\" height=\"717\" \/><figcaption id=\"caption-attachment-1792\" class=\"wp-caption-text\"><em>Extrait du carnet de voyage d&rsquo;Aur\u00e9lien lors de sa vadrouille en Am\u00e9rique du Sud<\/em><\/figcaption><\/figure>\n<p style=\"text-align: justify;\"><span style=\"color: #000080;\"><strong><em>Merci Aur\u00e9lien d\u2019avoir r\u00e9pondu avec autant d\u2019enthousiasme \u00e0 l\u2019ensemble de mes questions\u00a0! Bon, j\u2019aurais encore plein de questions \u00e0 te poser mais les bonnes choses ont toujours une fin ^^<\/em><\/strong><\/span><\/p>\n<ul>\n<li style=\"text-align: justify;\"><span style=\"color: #000080;\"><strong><em>J\u2019ai quand m\u00eame une toute derni\u00e8re question\u2026 Promis, cette fois-ci c\u2019est la derni\u00e8re\u00a0! Quels sont tes projets en cours de route\u00a0?<\/em><\/strong><\/span><\/li>\n<\/ul>\n<p style=\"text-align: justify;\">Je pr\u00e9pare actuellement un nouveau spectacle avec mon metteur en sc\u00e8ne, Alexandre FOULON.<\/p>\n<p style=\"text-align: justify;\"><strong>En janvier 2018, je rejouerai \u00e9galement \u00ab\u00a0La Vie R\u00eav\u00e9e des Andes\u00a0\u00bb, cette fois-ci au Chili\u00a0!<\/strong> Nous sommes en train de prospecter pour trouver des salles et des dates. Le spectacle sera retravaill\u00e9 pour \u00eatre adapt\u00e9 au public chilien.<\/p>\n<blockquote>\n<p><em><strong>Bande-annonce du spectacle \u00ab\u00a0La vie r\u00eav\u00e9e des Andes\u00a0\u00bb (sous-titr\u00e9e espagnol) :<\/strong><\/em><\/p>\n<\/blockquote>\n<div class=\"wp-playlist wp-video-playlist wp-playlist-light\">\n\t\t<video controls=\"controls\" preload=\"none\" width=\"618\"\n\t\t height=\"348\"\t><\/video>\n\t<div class=\"wp-playlist-next\"><\/div>\n\t<div class=\"wp-playlist-prev\"><\/div>\n\t<noscript>\n\t<ol>\n\t\t<li><a href='https:\/\/kikienvadrouille.com\/wp-content\/uploads\/2017\/08\/la-vida-sonada-de-los-andes-trailer-subtitulos-espanoles.mp4'>la-vida-sonada-de-los-andes-trailer-subtitulos-espanoles<\/a><\/li>\t<\/ol>\n\t<\/noscript>\n\t<script type=\"application\/json\" class=\"wp-playlist-script\">{\"type\":\"video\",\"tracklist\":true,\"tracknumbers\":true,\"images\":true,\"artists\":true,\"tracks\":[{\"src\":\"https:\/\/kikienvadrouille.com\/wp-content\/uploads\/2017\/08\/la-vida-sonada-de-los-andes-trailer-subtitulos-espanoles.mp4\",\"type\":\"video\/mp4\",\"title\":\"\",\"caption\":\"\",\"description\":\"\",\"meta\":{\"length_formatted\":\"5:15\"},\"dimensions\":{\"original\":{\"width\":1280,\"height\":720},\"resized\":{\"width\":618,\"height\":348}},\"image\":{\"src\":\"https:\/\/kikienvadrouille.com\/wp-includes\/images\/media\/video.svg\",\"width\":48,\"height\":64},\"thumb\":{\"src\":\"https:\/\/kikienvadrouille.com\/wp-includes\/images\/media\/video.svg\",\"width\":48,\"height\":64}}]}<\/script>\n<\/div>\n\t\n<ul>\n<li style=\"text-align: justify;\"><span style=\"color: #000080;\"><strong><em>Tu feras donc ton one-man-show en espagnol, est-ce un petit challenge pour toi\u00a0? <\/em><\/strong><\/span><\/li>\n<\/ul>\n<p style=\"text-align: justify;\">Compl\u00e8tement\u00a0! Je vais devoir r\u00e9\u00e9crire la pi\u00e8ce dans son ensemble puis assurer le spectacle en langue latine pendant une heure\u00a0!<\/p>\n<ul>\n<li style=\"text-align: justify;\"><span style=\"color: #000080;\"><strong><em>Un beau projet, et quelles sont tes activit\u00e9s professionnelles du moment\u00a0? <\/em><\/strong><\/span><\/li>\n<\/ul>\n<p style=\"text-align: justify;\">Je continue mon activit\u00e9 de r\u00e9gisseur dans plusieurs th\u00e9\u00e2tres parisiens et pr\u00e9pare en parall\u00e8le deux r\u00f4les. <strong>\u00c0 partir de fin septembre, je jouerai dans la pi\u00e8ce \u00ab\u00a0<em>La Confusionite<\/em>\u00a0\u00bb de Colette Roumanoff, une com\u00e9die traitant avec sensibilit\u00e9 de la maladie d\u2019Alzheimer<\/strong>. Et \u00e0 partir d\u2019octobre, je jouerai dans les \u00ab\u00a0Fourberies de Scapin\u00a0\u00bb au Th\u00e9\u00e2tre Fontaine.<\/p>\n<p style=\"text-align: justify;\"><strong>Un sinc\u00e8re remerciement \u00e0 Aur\u00e9lien qui s\u2019est pr\u00eat\u00e9 au jeu de mes multiples questions durant deux gros apr\u00e8s-midis d\u2019\u00e9changes\u00a0<\/strong><strong>\ud83d\ude0a<\/strong><\/p>\n\n\n<div class=\"wp-block-button\"><a class=\"wp-block-button__link\" href=\"https:\/\/www.facebook.com\/laviereveedesandes\/?fref=ts\">Page Facebook du spectacle \u00ab\u00a0La Vie R\u00e9v\u00eae des Andes\u00a0\u00bb<\/a><\/div>\n\n\n\n<figure class=\"wp-block-pullquote\"><blockquote><p> <br><em>\u00ab&nbsp;L\u2019\u00e9criture est un prolongement naturel \u00e0 l\u2019aventure. (&#8230;) Voyager puis se taire, c\u2019est amputer l\u2019action. Pour qu\u2019elle soit pleinement accomplie ne faut-il pas qu\u2019elle soit partag\u00e9e ?<\/em>&nbsp;\u00bb <\/p><cite>Sylvain Tesson<\/cite><\/blockquote><\/figure>\n","protected":false},"excerpt":{"rendered":"<p>\u00a0 Attir\u00e9e comme un aimant par l\u2019Am\u00e9rique Latine et par le monde du th\u00e9\u00e2tre, quelle ne fut pas ma joie lorsque je d\u00e9couvre, fin 2016, qu\u2019un spectacle parisien raconte le Chili. \u00ab\u00a0La vie r\u00eav\u00e9e des Andes\u00a0\u00bb, c\u2019est le nom du one-man-show d\u2019Aur\u00e9lien SAGET, mis en sc\u00e8ne par Alexandre FOULON. Suite \u00e0 son spectacle, je n\u2019ai pas r\u00e9sist\u00e9 \u00e0 la tentation de contacter le com\u00e9dien. Nous nous rencontrerons dans l\u2019un de mes caf\u00e9s pr\u00e9f\u00e9r\u00e9s de Paris. Gastronomie \u00ab\u00a0di\u00e9t\u00e9tique\u00a0\u00bb, vie au Chili,&#8230;<\/p>\n<p class=\"read-more\"><a class=\"btn btn-default\" href=\"https:\/\/kikienvadrouille.com\/?p=1392\">Lire la suite<span class=\"screen-reader-text\"> Lire la suite<\/span><\/a><\/p>\n","protected":false},"author":1,"featured_media":1780,"comment_status":"open","ping_status":"open","sticky":false,"template":"","format":"standard","meta":{"footnotes":""},"categories":[3,81],"tags":[9,103,102,15,16,34,44,45],"class_list":["post-1392","post","type-post","status-publish","format-standard","has-post-thumbnail","hentry","category-portrait","category-theatre","tag-amerique-du-sud","tag-art","tag-art-vivant","tag-chili","tag-comedien","tag-passion","tag-spectacle","tag-theatre"],"_links":{"self":[{"href":"https:\/\/kikienvadrouille.com\/index.php?rest_route=\/wp\/v2\/posts\/1392","targetHints":{"allow":["GET"]}}],"collection":[{"href":"https:\/\/kikienvadrouille.com\/index.php?rest_route=\/wp\/v2\/posts"}],"about":[{"href":"https:\/\/kikienvadrouille.com\/index.php?rest_route=\/wp\/v2\/types\/post"}],"author":[{"embeddable":true,"href":"https:\/\/kikienvadrouille.com\/index.php?rest_route=\/wp\/v2\/users\/1"}],"replies":[{"embeddable":true,"href":"https:\/\/kikienvadrouille.com\/index.php?rest_route=%2Fwp%2Fv2%2Fcomments&post=1392"}],"version-history":[{"count":15,"href":"https:\/\/kikienvadrouille.com\/index.php?rest_route=\/wp\/v2\/posts\/1392\/revisions"}],"predecessor-version":[{"id":2873,"href":"https:\/\/kikienvadrouille.com\/index.php?rest_route=\/wp\/v2\/posts\/1392\/revisions\/2873"}],"wp:featuredmedia":[{"embeddable":true,"href":"https:\/\/kikienvadrouille.com\/index.php?rest_route=\/wp\/v2\/media\/1780"}],"wp:attachment":[{"href":"https:\/\/kikienvadrouille.com\/index.php?rest_route=%2Fwp%2Fv2%2Fmedia&parent=1392"}],"wp:term":[{"taxonomy":"category","embeddable":true,"href":"https:\/\/kikienvadrouille.com\/index.php?rest_route=%2Fwp%2Fv2%2Fcategories&post=1392"},{"taxonomy":"post_tag","embeddable":true,"href":"https:\/\/kikienvadrouille.com\/index.php?rest_route=%2Fwp%2Fv2%2Ftags&post=1392"}],"curies":[{"name":"wp","href":"https:\/\/api.w.org\/{rel}","templated":true}]}}